{"id":175415,"date":"2024-02-16T11:20:25","date_gmt":"2024-02-16T17:20:25","guid":{"rendered":"https:\/\/www.elsinodaldetamaulipas.com.mx\/?p=175415"},"modified":"2024-02-16T10:08:10","modified_gmt":"2024-02-16T16:08:10","slug":"opositor-ruso-alexei-navalny-muere-en-prision-del-artico","status":"publish","type":"post","link":"https:\/\/www.elsinodaldetamaulipas.com.mx\/?p=175415","title":{"rendered":"Opositor ruso Alexei Navalny muere en prisi\u00f3n del \u00c1rtico"},"content":{"rendered":"<p><strong>EL SINODAL DE TAMAULIPAS<\/strong><\/p>\n<p><strong><em>Mosc\u00fa.-<\/em><\/strong>\u00a0El opositor ruso y principal adversario del Kremlin, Alexei Navalny, muri\u00f3 este viernes en la c\u00e1rcel del \u00c1rtico, donde purgaba una pena de 19 a\u00f1os, informaron los servicios penitenciarios.<\/p>\n<p>\u00abEl 16 de febrero de 2024, en el centro penitenciario n\u00famero 3, el prisionero Navalny A.A. se sinti\u00f3 mal despu\u00e9s de un paseo y pr\u00e1cticamente perdi\u00f3 el conocimiento\u00bb, indic\u00f3 el servicio penitenciario de la regi\u00f3n \u00e1rtica de Yamal en un comunicado.<\/p>\n<p>\u00abTodos los gestos de reanimaci\u00f3n necesarios fueron practicados pero no dieron un resultado positivo. Los m\u00e9dicos de urgencias constataron la muerte del paciente. Las causas de la muerte est\u00e1n siendo esclarecidas\u00bb, precis\u00f3 el texto.<\/p>\n<p>El activista de 47 a\u00f1os hab\u00eda sido condenado por \u00abextremismo\u00bb y purgaba una pena de 19 a\u00f1os en una colonia penitenciaria remota del \u00c1rtico, en condiciones muy dif\u00edciles. Sus m\u00faltiples procesos fueron denunciados como pol\u00edticos y como una estrategia para castigarlo por su oposici\u00f3n al presidente Vladimir Putin.<\/p>\n<p>El mandatario fue informado de su fallecimiento, seg\u00fan su vocero, Dmitri Peskov.<\/p>\n<p>El equipo del opositor asegur\u00f3 que no se le hab\u00eda comunicado su muerte.<\/p>\n<p>\u00abTodav\u00eda no tenemos confirmaci\u00f3n al respecto\u00bb, declar\u00f3 en redes sociales la portavoz de Navalny, Kira Yarmish, a\u00f1adiendo que \u00abel abogado de Alex\u00e9i est\u00e1 en estos momentos de camino a Jarp\u00bb, la ciudad del \u00c1rtico donde se encuentra la prisi\u00f3n. \u00abEn cuanto tengamos alguna informaci\u00f3n, informaremos sobre ello\u00bb, apunt\u00f3.<\/p>\n<p>En las audiencias de sus procesos en las que particip\u00f3 por video estos \u00faltimos meses, a este hombre corpulento de ojos azules se le ve\u00eda delgado y demacrado. Tuvo varios problemas de salud relacionados con una huelga de hambre y el envenenamiento del que fue objeto en 2020, al que sobrevivi\u00f3 por poco.<\/p>\n<p>La c\u00e1rcel no socav\u00f3 su determinaci\u00f3n. En las \u00faltimas audiencias y en los \u00faltimos mensajes transmitidos en las redes sociales a trav\u00e9s de sus abogados, no dej\u00f3 de criticar a Putin, al que describi\u00f3 como un \u00ababuelo escondido en un b\u00fanker\u00bb, ya que el presidente ruso apenas aparece en p\u00fablico.<\/p>\n<p>En su proceso por \u00abextremismo\u00bb, fustig\u00f3 \u00abla guerra m\u00e1s est\u00fapida y m\u00e1s insensata del siglo XXI\u00bb, hablando de la ofensiva rusa en Ucrania.<\/p>\n<p>En sus mensajes en l\u00ednea, ironizaba sobre las humillaciones que los servicios penitenciarios le hac\u00edan sufrir.<\/p>\n<p>El 1 de febrero su equipo envi\u00f3 un mensaje a las redes sociales en el que hac\u00eda un llamado a manifestarse en Rusia de cara a las elecciones presidenciales del 15 al 17 de marzo, que probablemente refrenden a Putin en el poder.<\/p>\n","protected":false},"excerpt":{"rendered":"<p>EL SINODAL DE TAMAULIPAS Mosc\u00fa.-\u00a0El opositor ruso y principal adversario del Kremlin, Alexei Navalny, muri\u00f3 este viernes en la c\u00e1rcel del \u00c1rtico, donde purgaba una pena de 19 a\u00f1os, informaron los servicios penitenciarios. \u00abEl 16 de febrero de 2024, en el centro penitenciario n\u00famero 3, el prisionero Navalny A.A. se sinti\u00f3 mal despu\u00e9s de un [&hellip;]<\/p>\n","protected":false},"author":1,"featured_media":175416,"comment_status":"closed","ping_status":"closed","sticky":false,"template":"","format":"standard","meta":{"footnotes":""},"categories":[14],"tags":[],"class_list":["post-175415","post","type-post","status-publish","format-standard","has-post-thumbnail","hentry","category-internacional"],"_links":{"self":[{"href":"https:\/\/www.elsinodaldetamaulipas.com.mx\/index.php?rest_route=\/wp\/v2\/posts\/175415","targetHints":{"allow":["GET"]}}],"collection":[{"href":"https:\/\/www.elsinodaldetamaulipas.com.mx\/index.php?rest_route=\/wp\/v2\/posts"}],"about":[{"href":"https:\/\/www.elsinodaldetamaulipas.com.mx\/index.php?rest_route=\/wp\/v2\/types\/post"}],"author":[{"embeddable":true,"href":"https:\/\/www.elsinodaldetamaulipas.com.mx\/index.php?rest_route=\/wp\/v2\/users\/1"}],"replies":[{"embeddable":true,"href":"https:\/\/www.elsinodaldetamaulipas.com.mx\/index.php?rest_route=%2Fwp%2Fv2%2Fcomments&post=175415"}],"version-history":[{"count":1,"href":"https:\/\/www.elsinodaldetamaulipas.com.mx\/index.php?rest_route=\/wp\/v2\/posts\/175415\/revisions"}],"predecessor-version":[{"id":175417,"href":"https:\/\/www.elsinodaldetamaulipas.com.mx\/index.php?rest_route=\/wp\/v2\/posts\/175415\/revisions\/175417"}],"wp:featuredmedia":[{"embeddable":true,"href":"https:\/\/www.elsinodaldetamaulipas.com.mx\/index.php?rest_route=\/wp\/v2\/media\/175416"}],"wp:attachment":[{"href":"https:\/\/www.elsinodaldetamaulipas.com.mx\/index.php?rest_route=%2Fwp%2Fv2%2Fmedia&parent=175415"}],"wp:term":[{"taxonomy":"category","embeddable":true,"href":"https:\/\/www.elsinodaldetamaulipas.com.mx\/index.php?rest_route=%2Fwp%2Fv2%2Fcategories&post=175415"},{"taxonomy":"post_tag","embeddable":true,"href":"https:\/\/www.elsinodaldetamaulipas.com.mx\/index.php?rest_route=%2Fwp%2Fv2%2Ftags&post=175415"}],"curies":[{"name":"wp","href":"https:\/\/api.w.org\/{rel}","templated":true}]}}