{"id":175550,"date":"2024-02-16T10:12:42","date_gmt":"2024-02-16T16:12:42","guid":{"rendered":"https:\/\/www.elsinodaldetamaulipas.com.mx\/?p=175550"},"modified":"2024-02-16T23:52:24","modified_gmt":"2024-02-17T05:52:24","slug":"expo-prepa-en-la-enrique-hernandez-alonzo","status":"publish","type":"post","link":"https:\/\/www.elsinodaldetamaulipas.com.mx\/?p=175550","title":{"rendered":"EXPO PREPA EN LA \u00abENRIQUE HERN\u00c1NDEZ ALONZO\u00bb"},"content":{"rendered":"<p><strong><img loading=\"lazy\" decoding=\"async\" class=\"size-full wp-image-175551 alignright\" src=\"https:\/\/www.elsinodaldetamaulipas.com.mx\/wp-content\/uploads\/2024\/02\/Expox-I-1.jpeg\" alt=\"\" width=\"640\" height=\"480\" srcset=\"https:\/\/www.elsinodaldetamaulipas.com.mx\/wp-content\/uploads\/2024\/02\/Expox-I-1.jpeg 640w, https:\/\/www.elsinodaldetamaulipas.com.mx\/wp-content\/uploads\/2024\/02\/Expox-I-1-300x225.jpeg 300w, https:\/\/www.elsinodaldetamaulipas.com.mx\/wp-content\/uploads\/2024\/02\/Expox-I-1-272x204.jpeg 272w\" sizes=\"auto, (max-width: 640px) 100vw, 640px\" \/>Por Gil Vicente Galindo\/ EL SINODAL DE TAMAULIPAS<\/strong><\/p>\n<p><em><strong>Reynosa, Tam.-<\/strong><\/em> Con todo \u00e9xito se llev\u00f3 a cabo la Expo Prepa 2024 en las instalaciones de la escuela secundaria No 15, \u201cProfe Enrique Hern\u00e1ndez Alonzo\u201d que dirige la maestra Bertha Lilia Garc\u00eda Guevara, quien agradeci\u00f3 la participaci\u00f3n de al menos ocho escuelas de bachilleres.<\/p>\n<p>-En este ciclo escolar que finaliza en julio, egresar\u00e1n de esta escuela \u201cEnrique Hern\u00e1ndez Alonzo\u201d, un promedio de 176 alumnos que buscar\u00e1n junto con sus padres, la mejor alternativa de seguir sus estudios de bachillerato-, comento la maestra Bertha Lilia Garc\u00eda Guevara.<\/p>\n<p>Agradezco, -a\u00f1adi\u00f3- a directores y directoras de las escuelas preparatorias que acudieron a la Expo Prepa, la cual resulto muy productiva, entre los planteles presentes fueron el ITACE, CETis 71, UMAN, Atl\u00e1ntico, Vasconcelos, Antonio Repizo y el Instituto Piaget.<\/p>\n<p>Del periodo de inscripciones para el ciclo escolar 2024-2025, la directora de la escuela secundaria No 15, maestra Bertha Lilia Garc\u00eda Guevara se\u00f1alo que los seis grupos de primer grado se llenaron pr\u00e1cticamente el mismo d\u00eda de la apertura.<\/p>\n<p>-Se abrieron 6 grupos de primer grado, iniciando con hermanitos de alumnos en la escuela, luego quienes viven cerca de la escuela y a\u00fan con cupo, lleno, contamos con lista de espera y los grupos hasta con 38 muchachos-, revelo la directora de la escuela secundaria No 15.<\/p>\n<p><img loading=\"lazy\" decoding=\"async\" class=\"aligncenter size-full wp-image-175552\" src=\"https:\/\/www.elsinodaldetamaulipas.com.mx\/wp-content\/uploads\/2024\/02\/Expox-II-1.jpeg\" alt=\"\" width=\"480\" height=\"640\" srcset=\"https:\/\/www.elsinodaldetamaulipas.com.mx\/wp-content\/uploads\/2024\/02\/Expox-II-1.jpeg 480w, https:\/\/www.elsinodaldetamaulipas.com.mx\/wp-content\/uploads\/2024\/02\/Expox-II-1-225x300.jpeg 225w\" sizes=\"auto, (max-width: 480px) 100vw, 480px\" \/> <img loading=\"lazy\" decoding=\"async\" class=\"aligncenter size-full wp-image-175554\" src=\"https:\/\/www.elsinodaldetamaulipas.com.mx\/wp-content\/uploads\/2024\/02\/Expox-IIII.jpeg\" alt=\"\" width=\"640\" height=\"480\" srcset=\"https:\/\/www.elsinodaldetamaulipas.com.mx\/wp-content\/uploads\/2024\/02\/Expox-IIII.jpeg 640w, https:\/\/www.elsinodaldetamaulipas.com.mx\/wp-content\/uploads\/2024\/02\/Expox-IIII-300x225.jpeg 300w, https:\/\/www.elsinodaldetamaulipas.com.mx\/wp-content\/uploads\/2024\/02\/Expox-IIII-272x204.jpeg 272w\" sizes=\"auto, (max-width: 640px) 100vw, 640px\" \/> <img loading=\"lazy\" decoding=\"async\" class=\"aligncenter size-full wp-image-175553\" src=\"https:\/\/www.elsinodaldetamaulipas.com.mx\/wp-content\/uploads\/2024\/02\/Expox-III-1.jpeg\" alt=\"\" width=\"640\" height=\"480\" srcset=\"https:\/\/www.elsinodaldetamaulipas.com.mx\/wp-content\/uploads\/2024\/02\/Expox-III-1.jpeg 640w, https:\/\/www.elsinodaldetamaulipas.com.mx\/wp-content\/uploads\/2024\/02\/Expox-III-1-300x225.jpeg 300w, https:\/\/www.elsinodaldetamaulipas.com.mx\/wp-content\/uploads\/2024\/02\/Expox-III-1-272x204.jpeg 272w\" sizes=\"auto, (max-width: 640px) 100vw, 640px\" \/><\/p>\n","protected":false},"excerpt":{"rendered":"<p>Por Gil Vicente Galindo\/ EL SINODAL DE TAMAULIPAS Reynosa, Tam.- Con todo \u00e9xito se llev\u00f3 a cabo la Expo Prepa 2024 en las instalaciones de la escuela secundaria No 15, \u201cProfe Enrique Hern\u00e1ndez Alonzo\u201d que dirige la maestra Bertha Lilia Garc\u00eda Guevara, quien agradeci\u00f3 la participaci\u00f3n de al menos ocho escuelas de bachilleres. -En este [&hellip;]<\/p>\n","protected":false},"author":1,"featured_media":175555,"comment_status":"closed","ping_status":"closed","sticky":false,"template":"","format":"standard","meta":{"footnotes":""},"categories":[1,2],"tags":[],"class_list":["post-175550","post","type-post","status-publish","format-standard","has-post-thumbnail","hentry","category-portada","category-reynosa"],"_links":{"self":[{"href":"https:\/\/www.elsinodaldetamaulipas.com.mx\/index.php?rest_route=\/wp\/v2\/posts\/175550","targetHints":{"allow":["GET"]}}],"collection":[{"href":"https:\/\/www.elsinodaldetamaulipas.com.mx\/index.php?rest_route=\/wp\/v2\/posts"}],"about":[{"href":"https:\/\/www.elsinodaldetamaulipas.com.mx\/index.php?rest_route=\/wp\/v2\/types\/post"}],"author":[{"embeddable":true,"href":"https:\/\/www.elsinodaldetamaulipas.com.mx\/index.php?rest_route=\/wp\/v2\/users\/1"}],"replies":[{"embeddable":true,"href":"https:\/\/www.elsinodaldetamaulipas.com.mx\/index.php?rest_route=%2Fwp%2Fv2%2Fcomments&post=175550"}],"version-history":[{"count":1,"href":"https:\/\/www.elsinodaldetamaulipas.com.mx\/index.php?rest_route=\/wp\/v2\/posts\/175550\/revisions"}],"predecessor-version":[{"id":175556,"href":"https:\/\/www.elsinodaldetamaulipas.com.mx\/index.php?rest_route=\/wp\/v2\/posts\/175550\/revisions\/175556"}],"wp:featuredmedia":[{"embeddable":true,"href":"https:\/\/www.elsinodaldetamaulipas.com.mx\/index.php?rest_route=\/wp\/v2\/media\/175555"}],"wp:attachment":[{"href":"https:\/\/www.elsinodaldetamaulipas.com.mx\/index.php?rest_route=%2Fwp%2Fv2%2Fmedia&parent=175550"}],"wp:term":[{"taxonomy":"category","embeddable":true,"href":"https:\/\/www.elsinodaldetamaulipas.com.mx\/index.php?rest_route=%2Fwp%2Fv2%2Fcategories&post=175550"},{"taxonomy":"post_tag","embeddable":true,"href":"https:\/\/www.elsinodaldetamaulipas.com.mx\/index.php?rest_route=%2Fwp%2Fv2%2Ftags&post=175550"}],"curies":[{"name":"wp","href":"https:\/\/api.w.org\/{rel}","templated":true}]}}