{"id":176323,"date":"2024-02-22T19:17:01","date_gmt":"2024-02-23T01:17:01","guid":{"rendered":"https:\/\/www.elsinodaldetamaulipas.com.mx\/?p=176323"},"modified":"2024-02-22T19:17:01","modified_gmt":"2024-02-23T01:17:01","slug":"la-comuna-por-jose-angel-solorio-martinez-227","status":"publish","type":"post","link":"https:\/\/www.elsinodaldetamaulipas.com.mx\/?p=176323","title":{"rendered":"La Comuna\/ Por Jos\u00e9 \u00c1ngel Solorio Mart\u00ednez"},"content":{"rendered":"<p style=\"text-align: center;\"><strong><em>Madero: soluci\u00f3n equilibrada<\/em><\/strong><\/p>\n<p>El Comit\u00e9 Ejecutivo Nacional, de MORENA, tuvo que entrar al quite \u2013toda vez que los liderazgos locales, ni el delegado pudieron construir una salida negociada\u2013 y perfilar un pacto equilibrado entre las diferentes corrientes lopezobradoristas en ciudad Madero: va el alcalde Adri\u00e1n Oseguera Kernion (AOK), a la diputaci\u00f3n federal por dos rutas: uninominal y plurinominal.<br \/>\nEn tanto Erasmo Gonz\u00e1lez Robledo, respira con tranquilidad siendo el m\u00e1s beneficiado en la contienda: AOK, como compa\u00f1ero de f\u00f3rmula, le ser\u00e1 de suma utilidad por los votos que llevar\u00e1 al partido y a todos los candidatos guindos de la urbe petrolera.<br \/>\nLos representantes del CEN e interlocutores de la candidata presidencial Claudia Sheinbaum Pardo, coincidieron en considerar a Adri\u00e1n como un valioso activo del partido en el sur de Tamaulipas, al tiempo de invitarlo a sumarse como mayores impulsos a la tarea de MORENA para la construcci\u00f3n del Segundo Piso de la IV T a la cual llama #esClaudia.<br \/>\nLa llegada de AOK, se dio en la coyuntura del arribo al Poder legislativo de cuatro de sus grandes aliados: Ricardo Monreal \u00c1vila, Marcelo Ebrard, Olga S\u00e1nchez Cordero y Ad\u00e1n Augusto L\u00f3pez.<br \/>\nFuerzas locales, \u2013algunas de reciente militancia en MORENA\u2013 se opon\u00edan a que el alcalde de Madero, continuara en el escenario sociopol\u00edtico del s\u00f3lido sur. El liderazgo mostrado por Oseguera Kernion, super\u00f3 esos actores antag\u00f3nicos a su proyecto.<br \/>\nDe esa manera, el jefe edilicio maderense, se convertir\u00e1 en un contrapeso al s\u00f3lido liderazgo de Chucho Nader en el sur tamaulipeco; al momento, ni un solo actor \u2013de nuevo o de viejo cu\u00f1o\u2013 puede competir con posibilidades contra el alcalde tampique\u00f1o. A la vez, Adri\u00e1n, se est\u00e1 constituyendo en el m\u00e1s s\u00f3lido factor morenista en la zona conurbada.<br \/>\nLos nuevos cuadros que aspiran a aparecer como protag\u00f3nicos a la sombra de MORENA, tendr\u00e1n tiempo para crecer y desarrollarse. Por lo pronto: deber\u00e1n protegerse con la sombra de AOK, ante el serio peligro que representa Nader con sus deseos de empeque\u00f1ecer a su adversario m\u00e1s serio al interior del panismo tamaulipeco: Francisco Garc\u00eda Cabeza de Vaca.<br \/>\nMORENA nacional, dio un manotazo en el escritorio, y puso en paz a algunos segmentos morenistas que aseguraban poder derrotar con facilidad al panismo sure\u00f1o, sin la participaci\u00f3n de Oseguera Kernion.<br \/>\nAlgunos todav\u00eda lo dudan. Lo cierto, es que la candidatura a la diputaci\u00f3n federal del maderense, es una tabla de salvaci\u00f3n para buena parte de los candidatos. Sujetos como Claudio de Leija, y otros, ser\u00edan v\u00edctimas de la ola azul toda vez, que su cl\u00e1sica actitud parasitaria la han venido ejerciendo desde el inicio de sus inocuas carreras pol\u00edticas.<br \/>\nAs\u00ed como el pr\u00edncipe del guachicol \u2013Erasmo Gonz\u00e1lez Robledo\u2013 sale beneficiado con la candidatura de AOK, con el lastre de esas candidaturas, no le ser\u00e1 f\u00e1cil salir victorioso en un escenario rasposo como el que se generar\u00e1 por la confrontaci\u00f3n de las candidaturas de Adri\u00e1n y Chucho Nader.<br \/>\nLa guerra se ve feroz; sin pedir, ni dar cuartel.<br \/>\nEl lopezoradorismo m\u00e1s articulado en Tamaulipas, contra el panismo m\u00e1s potente, que necesariamente terminar\u00e1 en un empate. No se ven ganadores ni derrotados: si Chucho pierde, se va al Congreso, de plurinominal; si Oseguera, sale con menos votos, llegar\u00eda al parlamento como legislador de Representaci\u00f3n Proporcional.<br \/>\nJusto era lo que AOK, planteaba: una soluci\u00f3n sin perdedores ni ganadores en MORENA.<br \/>\nAqu\u00ed en el estado, no se entendi\u00f3.<br \/>\nHasta que el CEN, Monreal, Ebrard, S\u00e1nchez Cordero y Ad\u00e1n Augusto, entraron con el argumento incuestionable: los n\u00fameros de Oseguera Kernion.<br \/>\nEl bal\u00f3n, est\u00e1 ahora en la cancha de Erasmo.<br \/>\nLa unidad en la grama guinda, es una obligada divisa, para el bien de todos.<\/p>\n","protected":false},"excerpt":{"rendered":"<p>Madero: soluci\u00f3n equilibrada El Comit\u00e9 Ejecutivo Nacional, de MORENA, tuvo que entrar al quite \u2013toda vez que los liderazgos locales, ni el delegado pudieron construir una salida negociada\u2013 y perfilar un pacto equilibrado entre las diferentes corrientes lopezobradoristas en ciudad Madero: va el alcalde Adri\u00e1n Oseguera Kernion (AOK), a la diputaci\u00f3n federal por dos rutas: [&hellip;]<\/p>\n","protected":false},"author":1,"featured_media":121243,"comment_status":"closed","ping_status":"closed","sticky":false,"template":"","format":"standard","meta":{"footnotes":""},"categories":[16],"tags":[],"class_list":["post-176323","post","type-post","status-publish","format-standard","has-post-thumbnail","hentry","category-opinion"],"_links":{"self":[{"href":"https:\/\/www.elsinodaldetamaulipas.com.mx\/index.php?rest_route=\/wp\/v2\/posts\/176323","targetHints":{"allow":["GET"]}}],"collection":[{"href":"https:\/\/www.elsinodaldetamaulipas.com.mx\/index.php?rest_route=\/wp\/v2\/posts"}],"about":[{"href":"https:\/\/www.elsinodaldetamaulipas.com.mx\/index.php?rest_route=\/wp\/v2\/types\/post"}],"author":[{"embeddable":true,"href":"https:\/\/www.elsinodaldetamaulipas.com.mx\/index.php?rest_route=\/wp\/v2\/users\/1"}],"replies":[{"embeddable":true,"href":"https:\/\/www.elsinodaldetamaulipas.com.mx\/index.php?rest_route=%2Fwp%2Fv2%2Fcomments&post=176323"}],"version-history":[{"count":1,"href":"https:\/\/www.elsinodaldetamaulipas.com.mx\/index.php?rest_route=\/wp\/v2\/posts\/176323\/revisions"}],"predecessor-version":[{"id":176324,"href":"https:\/\/www.elsinodaldetamaulipas.com.mx\/index.php?rest_route=\/wp\/v2\/posts\/176323\/revisions\/176324"}],"wp:featuredmedia":[{"embeddable":true,"href":"https:\/\/www.elsinodaldetamaulipas.com.mx\/index.php?rest_route=\/wp\/v2\/media\/121243"}],"wp:attachment":[{"href":"https:\/\/www.elsinodaldetamaulipas.com.mx\/index.php?rest_route=%2Fwp%2Fv2%2Fmedia&parent=176323"}],"wp:term":[{"taxonomy":"category","embeddable":true,"href":"https:\/\/www.elsinodaldetamaulipas.com.mx\/index.php?rest_route=%2Fwp%2Fv2%2Fcategories&post=176323"},{"taxonomy":"post_tag","embeddable":true,"href":"https:\/\/www.elsinodaldetamaulipas.com.mx\/index.php?rest_route=%2Fwp%2Fv2%2Ftags&post=176323"}],"curies":[{"name":"wp","href":"https:\/\/api.w.org\/{rel}","templated":true}]}}