{"id":176327,"date":"2024-02-22T20:04:17","date_gmt":"2024-02-23T02:04:17","guid":{"rendered":"https:\/\/www.elsinodaldetamaulipas.com.mx\/?p=176327"},"modified":"2024-02-22T20:04:17","modified_gmt":"2024-02-23T02:04:17","slug":"seguidores-de-la-4a-t-quieren-a-kiko-perez","status":"publish","type":"post","link":"https:\/\/www.elsinodaldetamaulipas.com.mx\/?p=176327","title":{"rendered":"SEGUIDORES DE LA 4\u00aa: T, QUIEREN A KIKO P\u00c9REZ"},"content":{"rendered":"<ul>\n<li><strong><em>EXIGEN UN CADIDATO ARRAIGADO EN EL PUEBLO\u00a0<\/em><\/strong><\/li>\n<\/ul>\n<div><strong>Por Ver\u00f3nica P\u00e9rez\/EL SINODAL DE TAMAULIPAS<\/strong><\/div>\n<div><\/div>\n<div><strong>Reynosa, Tam.-<\/strong> \u201cPara darle mayor un impulso definitivo a la Cuarta Transformaci\u00f3n en el municipio de Reynosa, requerimos un candidato a Presidente Municipal que sea del pueblo, un activista de nuestro partido MORENA lo que dar\u00e1 m\u00e1s certeza a la selecci\u00f3n del candidato mediante el m\u00e9todo de encuesta\u2026\u201d<\/div>\n<div><\/div>\n<div>Quienes as\u00ed se expresaron, entrevistados por separado coinciden en se\u00f1alar que el licenciado Federico P\u00e9rez Lozano, mejor conocido en el medio pol\u00edtico como \u201cKiko\u201d seria para ellos el elemento id\u00f3neo, pues una persona con un gran arraigo popular, con mucha cercan\u00eda a los cuadros de liderazgo de colonia y con una amplia experiencia en el servicio p\u00fablico desde diversas trincheras.<\/div>\n<div><\/div>\n<div>Una de las voces es la de Jos\u00e9 Antonio Calvillo Ruiz, de oficio alba\u00f1il, quien destaca que la experiencia es fundamental para sacar adelante todos los proyectos que impulsen el desarrollo de la poblaci\u00f3n.<\/div>\n<div><\/div>\n<div style=\"text-align: center;\"><strong>CARISM\u00c1TICO Y DIN\u00c1MICO<\/strong><\/div>\n<div><\/div>\n<div>Por su parte el trabajador pensionado Martiniano Juvencio Pi\u00f1a, destac\u00f3 que haber nacido en Reynosa y haber formado parte de diversas administraciones, le da el conocimiento necesario a \u201cKiko\u201d P\u00e9rez, para realizar un trabajo acorde a las necesidades de la poblaci\u00f3n, \u00e9l seria un excelente candidato por su carisma, su don de gentes y su inquebrantable dinamismo.<\/div>\n<div><\/div>\n<div>Vicente Castillo Salazar, jornalero de la colonia Leyes de Reforma, mencion\u00f3 que la gente de su distrito el IV, tiene bien identificado a Kiko P\u00e9rez, pues cuando fue aspirante a la legislatura local, fue el \u00fanico que recorri\u00f3 repetidamente esas colonias siendo saludado de mano por todos los habitantes que vieron desde entonces la proyecci\u00f3n del profesionista y comerciante del ramo ferretero como gente de palabra y visi\u00f3n progresista.<\/div>\n<div><\/div>\n<div>Por su lado don Francisco G\u00e1mez Belmares, dijo confiar en que el proceso de selecci\u00f3n de candidato no ser\u00e1 una farsa y si es as\u00ed la militancia tanto de MORENA como del Partido del Trabajo, estar\u00e1n al cien con Federico, pues a sus ra\u00edces lo sit\u00faan como un hombre que sabe hacer y convencer ya que en donde quiera que ha ido tiene m\u00faltiples amistades que ser\u00edan su estructura fundamental para lograr la victoria.<\/div>\n<div><\/div>\n<div>Todos coincidieron en una sentencia, \u201cojal\u00e1 y la c\u00fapula partidista no se equivoque, confiamos en que el delegado Mario Llergo, har\u00e1 un papel sustentado en la honestidad y Kiko P\u00e9rez, sea nuestro candidato\u201d<\/div>\n","protected":false},"excerpt":{"rendered":"<p>EXIGEN UN CADIDATO ARRAIGADO EN EL PUEBLO\u00a0 Por Ver\u00f3nica P\u00e9rez\/EL SINODAL DE TAMAULIPAS Reynosa, Tam.- \u201cPara darle mayor un impulso definitivo a la Cuarta Transformaci\u00f3n en el municipio de Reynosa, requerimos un candidato a Presidente Municipal que sea del pueblo, un activista de nuestro partido MORENA lo que dar\u00e1 m\u00e1s certeza a la selecci\u00f3n del [&hellip;]<\/p>\n","protected":false},"author":1,"featured_media":176328,"comment_status":"closed","ping_status":"closed","sticky":false,"template":"","format":"standard","meta":{"footnotes":""},"categories":[1,2],"tags":[],"class_list":["post-176327","post","type-post","status-publish","format-standard","has-post-thumbnail","hentry","category-portada","category-reynosa"],"_links":{"self":[{"href":"https:\/\/www.elsinodaldetamaulipas.com.mx\/index.php?rest_route=\/wp\/v2\/posts\/176327","targetHints":{"allow":["GET"]}}],"collection":[{"href":"https:\/\/www.elsinodaldetamaulipas.com.mx\/index.php?rest_route=\/wp\/v2\/posts"}],"about":[{"href":"https:\/\/www.elsinodaldetamaulipas.com.mx\/index.php?rest_route=\/wp\/v2\/types\/post"}],"author":[{"embeddable":true,"href":"https:\/\/www.elsinodaldetamaulipas.com.mx\/index.php?rest_route=\/wp\/v2\/users\/1"}],"replies":[{"embeddable":true,"href":"https:\/\/www.elsinodaldetamaulipas.com.mx\/index.php?rest_route=%2Fwp%2Fv2%2Fcomments&post=176327"}],"version-history":[{"count":1,"href":"https:\/\/www.elsinodaldetamaulipas.com.mx\/index.php?rest_route=\/wp\/v2\/posts\/176327\/revisions"}],"predecessor-version":[{"id":176329,"href":"https:\/\/www.elsinodaldetamaulipas.com.mx\/index.php?rest_route=\/wp\/v2\/posts\/176327\/revisions\/176329"}],"wp:featuredmedia":[{"embeddable":true,"href":"https:\/\/www.elsinodaldetamaulipas.com.mx\/index.php?rest_route=\/wp\/v2\/media\/176328"}],"wp:attachment":[{"href":"https:\/\/www.elsinodaldetamaulipas.com.mx\/index.php?rest_route=%2Fwp%2Fv2%2Fmedia&parent=176327"}],"wp:term":[{"taxonomy":"category","embeddable":true,"href":"https:\/\/www.elsinodaldetamaulipas.com.mx\/index.php?rest_route=%2Fwp%2Fv2%2Fcategories&post=176327"},{"taxonomy":"post_tag","embeddable":true,"href":"https:\/\/www.elsinodaldetamaulipas.com.mx\/index.php?rest_route=%2Fwp%2Fv2%2Ftags&post=176327"}],"curies":[{"name":"wp","href":"https:\/\/api.w.org\/{rel}","templated":true}]}}