{"id":176751,"date":"2024-02-26T19:31:07","date_gmt":"2024-02-27T01:31:07","guid":{"rendered":"https:\/\/www.elsinodaldetamaulipas.com.mx\/?p=176751"},"modified":"2024-02-27T13:33:26","modified_gmt":"2024-02-27T19:33:26","slug":"ni-morenistas-avalan-trabajo-de-americo","status":"publish","type":"post","link":"https:\/\/www.elsinodaldetamaulipas.com.mx\/?p=176751","title":{"rendered":"NI MORENISTAS AVALAN TRABAJO DE AM\u00c9RICO"},"content":{"rendered":"<p><strong>EL SINODAL DE TAMAULIPAS<\/strong><br \/>\n<strong>Ciudad Victoria, Tam.-<\/strong>Que L\u00f3pez Obrador y ning\u00fan gobernador haya venido al informe del Gobernador, es una mala se\u00f1al para una administraci\u00f3n que permite crecer la violencia<\/p>\n<p>Cd. Victoria, Tamaulipas-. En la rueda de prensa semanal, el Grupo Parlamentario de Acci\u00f3n Nacional (GPPAN) expres\u00f3 su descontento ante la ausencia del Gobernador Am\u00e9rico Villarreal Anaya en la sesi\u00f3n solemne para presentar el segundo informe de gobierno. Esta omisi\u00f3n llev\u00f3 a que los legisladores panistas decidieran no participar en dicha sesi\u00f3n.<\/p>\n<p>F\u00e9lix Garc\u00eda Aguiar, coordinador del GPPAN, destac\u00f3 que uno de los aspectos m\u00e1s notables del segundo informe de gobierno fue la falta de asistencia por parte de figuras pol\u00edticas relacionadas con la 4T, entre ellas el presidente de la Rep\u00fablica y los 22 gobernadores afiliados a Morena.<br \/>\nEsta ausencia colectiva se interpret\u00f3 como un claro rechazo hacia el Gobernador Am\u00e9rico Villarreal Anaya por parte de dichas figuras pol\u00edticas.<\/p>\n<p>\u201cSe anunci\u00f3 con bombo y platillo que el presidente estar\u00eda en el informe y no solo \u00e9l hizo vac\u00edo, sino todos los gobernadores emanados de Morena\u201d, expuso el coordinador de la bancada blanquiazul en el Congreso.<\/p>\n<p>Asi mismo destac\u00f3 la preocupante situaci\u00f3n que enfrentan los ciudadanos tamaulipecos, se\u00f1alando espec\u00edficamente el abandono de las estaciones de seguridad TAM por parte del gobierno, as\u00ed como la falta de atenci\u00f3n a las c\u00e1maras de vigilancia, las cuales han sido vandalizadas sin que se tomen medidas efectivas para su reparaci\u00f3n.<\/p>\n<p>Garc\u00eda Aguiar enfatiz\u00f3 que la seguridad no puede ser vista como un tema pol\u00edtico temporal, sino como un derecho fundamental de la ciudadan\u00eda, el cual debe ser garantizado de manera constante por las autoridades. \u00abLos programas sociales y, en particular, la pol\u00edtica de seguridad, no son meros slogans pol\u00edticos que cambian con cada administraci\u00f3n, sino que son herramientas dise\u00f1adas para salvaguardar los derechos de la poblaci\u00f3n, incluido el derecho a la paz y la seguridad\u00bb, afirm\u00f3 el legislador.<\/p>\n<p>El Grupo Parlamentario de Acci\u00f3n Nacional reiter\u00f3 su compromiso con la seguridad y el bienestar de los habitantes de Tamaulipas, exhortando al gobierno a asumir su responsabilidad y tomar medidas concretas para abordar esta grave problem\u00e1tica que aqueja a la entidad.<\/p>\n","protected":false},"excerpt":{"rendered":"<p>EL SINODAL DE TAMAULIPAS Ciudad Victoria, Tam.-Que L\u00f3pez Obrador y ning\u00fan gobernador haya venido al informe del Gobernador, es una mala se\u00f1al para una administraci\u00f3n que permite crecer la violencia Cd. Victoria, Tamaulipas-. En la rueda de prensa semanal, el Grupo Parlamentario de Acci\u00f3n Nacional (GPPAN) expres\u00f3 su descontento ante la ausencia del Gobernador Am\u00e9rico [&hellip;]<\/p>\n","protected":false},"author":1,"featured_media":176754,"comment_status":"closed","ping_status":"closed","sticky":false,"template":"","format":"standard","meta":{"footnotes":""},"categories":[8,1],"tags":[],"class_list":["post-176751","post","type-post","status-publish","format-standard","has-post-thumbnail","hentry","category-ciudadvictoria","category-portada"],"_links":{"self":[{"href":"https:\/\/www.elsinodaldetamaulipas.com.mx\/index.php?rest_route=\/wp\/v2\/posts\/176751","targetHints":{"allow":["GET"]}}],"collection":[{"href":"https:\/\/www.elsinodaldetamaulipas.com.mx\/index.php?rest_route=\/wp\/v2\/posts"}],"about":[{"href":"https:\/\/www.elsinodaldetamaulipas.com.mx\/index.php?rest_route=\/wp\/v2\/types\/post"}],"author":[{"embeddable":true,"href":"https:\/\/www.elsinodaldetamaulipas.com.mx\/index.php?rest_route=\/wp\/v2\/users\/1"}],"replies":[{"embeddable":true,"href":"https:\/\/www.elsinodaldetamaulipas.com.mx\/index.php?rest_route=%2Fwp%2Fv2%2Fcomments&post=176751"}],"version-history":[{"count":1,"href":"https:\/\/www.elsinodaldetamaulipas.com.mx\/index.php?rest_route=\/wp\/v2\/posts\/176751\/revisions"}],"predecessor-version":[{"id":176755,"href":"https:\/\/www.elsinodaldetamaulipas.com.mx\/index.php?rest_route=\/wp\/v2\/posts\/176751\/revisions\/176755"}],"wp:featuredmedia":[{"embeddable":true,"href":"https:\/\/www.elsinodaldetamaulipas.com.mx\/index.php?rest_route=\/wp\/v2\/media\/176754"}],"wp:attachment":[{"href":"https:\/\/www.elsinodaldetamaulipas.com.mx\/index.php?rest_route=%2Fwp%2Fv2%2Fmedia&parent=176751"}],"wp:term":[{"taxonomy":"category","embeddable":true,"href":"https:\/\/www.elsinodaldetamaulipas.com.mx\/index.php?rest_route=%2Fwp%2Fv2%2Fcategories&post=176751"},{"taxonomy":"post_tag","embeddable":true,"href":"https:\/\/www.elsinodaldetamaulipas.com.mx\/index.php?rest_route=%2Fwp%2Fv2%2Ftags&post=176751"}],"curies":[{"name":"wp","href":"https:\/\/api.w.org\/{rel}","templated":true}]}}