{"id":181448,"date":"2024-04-26T00:47:17","date_gmt":"2024-04-26T04:47:17","guid":{"rendered":"https:\/\/www.elsinodaldetamaulipas.com.mx\/?p=181448"},"modified":"2024-04-26T00:47:17","modified_gmt":"2024-04-26T04:47:17","slug":"otro-degenerado-sentenciado-por-violacion-a-menor","status":"publish","type":"post","link":"https:\/\/www.elsinodaldetamaulipas.com.mx\/?p=181448","title":{"rendered":"OTRO DEGENERADO SENTENCIADO POR VIOLACI\u00d3N A MENOR"},"content":{"rendered":"<p>Nuevo Laredo, Tamaulipas.- La Fiscal\u00eda General de Justicia del Estado de Tamaulipas informa que, el Agente del Ministerio P\u00fablico obtuvo sentencia de 30 a\u00f1os de prisi\u00f3n en contra de Antonio \u201cF\u201d por el delito de Violaci\u00f3n Equiparada Agravada a menor de edad.<br \/>\nUn \u00d3rgano Jurisdiccional emiti\u00f3 la sentencia despu\u00e9s de que el Representante Social presentara elementos de prueba contundentes que acreditaron fehacientemente la responsabilidad del sentenciado en el citado delito ocurrido el 17 de febrero del a\u00f1o 2021 en la zona poniente de este municipio.<br \/>\nAsimismo, la autoridad judicial estableci\u00f3 amonestaci\u00f3n p\u00fablica y la suspensi\u00f3n de sus derechos civiles y pol\u00edticos durante su confinamiento y condenado a la reparaci\u00f3n del da\u00f1o a la v\u00edctima.<\/p>\n","protected":false},"excerpt":{"rendered":"<p>Nuevo Laredo, Tamaulipas.- La Fiscal\u00eda General de Justicia del Estado de Tamaulipas informa que, el Agente del Ministerio P\u00fablico obtuvo sentencia de 30 a\u00f1os de prisi\u00f3n en contra de Antonio \u201cF\u201d por el delito de Violaci\u00f3n Equiparada Agravada a menor de edad. Un \u00d3rgano Jurisdiccional emiti\u00f3 la sentencia despu\u00e9s de que el Representante Social presentara [&hellip;]<\/p>\n","protected":false},"author":1,"featured_media":181449,"comment_status":"closed","ping_status":"closed","sticky":false,"template":"","format":"standard","meta":{"footnotes":""},"categories":[25],"tags":[],"class_list":["post-181448","post","type-post","status-publish","format-standard","has-post-thumbnail","hentry","category-leyyorden"],"_links":{"self":[{"href":"https:\/\/www.elsinodaldetamaulipas.com.mx\/index.php?rest_route=\/wp\/v2\/posts\/181448","targetHints":{"allow":["GET"]}}],"collection":[{"href":"https:\/\/www.elsinodaldetamaulipas.com.mx\/index.php?rest_route=\/wp\/v2\/posts"}],"about":[{"href":"https:\/\/www.elsinodaldetamaulipas.com.mx\/index.php?rest_route=\/wp\/v2\/types\/post"}],"author":[{"embeddable":true,"href":"https:\/\/www.elsinodaldetamaulipas.com.mx\/index.php?rest_route=\/wp\/v2\/users\/1"}],"replies":[{"embeddable":true,"href":"https:\/\/www.elsinodaldetamaulipas.com.mx\/index.php?rest_route=%2Fwp%2Fv2%2Fcomments&post=181448"}],"version-history":[{"count":1,"href":"https:\/\/www.elsinodaldetamaulipas.com.mx\/index.php?rest_route=\/wp\/v2\/posts\/181448\/revisions"}],"predecessor-version":[{"id":181450,"href":"https:\/\/www.elsinodaldetamaulipas.com.mx\/index.php?rest_route=\/wp\/v2\/posts\/181448\/revisions\/181450"}],"wp:featuredmedia":[{"embeddable":true,"href":"https:\/\/www.elsinodaldetamaulipas.com.mx\/index.php?rest_route=\/wp\/v2\/media\/181449"}],"wp:attachment":[{"href":"https:\/\/www.elsinodaldetamaulipas.com.mx\/index.php?rest_route=%2Fwp%2Fv2%2Fmedia&parent=181448"}],"wp:term":[{"taxonomy":"category","embeddable":true,"href":"https:\/\/www.elsinodaldetamaulipas.com.mx\/index.php?rest_route=%2Fwp%2Fv2%2Fcategories&post=181448"},{"taxonomy":"post_tag","embeddable":true,"href":"https:\/\/www.elsinodaldetamaulipas.com.mx\/index.php?rest_route=%2Fwp%2Fv2%2Ftags&post=181448"}],"curies":[{"name":"wp","href":"https:\/\/api.w.org\/{rel}","templated":true}]}}