{"id":181451,"date":"2024-04-26T00:48:16","date_gmt":"2024-04-26T04:48:16","guid":{"rendered":"https:\/\/www.elsinodaldetamaulipas.com.mx\/?p=181451"},"modified":"2024-04-26T00:48:16","modified_gmt":"2024-04-26T04:48:16","slug":"ladrones-de-poca-monta-van-al-cedes-por-dos-anos","status":"publish","type":"post","link":"https:\/\/www.elsinodaldetamaulipas.com.mx\/?p=181451","title":{"rendered":"LADRONES DE POCA MONTA VAN AL CEDES POR DOS A\u00d1OS"},"content":{"rendered":"<p>El Mante, Tamaulipas.- La Fiscal\u00eda General de Justicia de Tamaulipas informa que, el Representante Social obtuvo sentencia de 2 a\u00f1os y 11 meses en contra de Bella \u201cD\u201d y Marcos \u201cC\u201d por el delito de Robo a Comercio con Violencia.<br \/>\nUn Tribunal de Enjuiciamiento emiti\u00f3 la condena, despu\u00e9s de que el Agente del Ministerio P\u00fablico present\u00f3 elementos que acreditaron la responsabilidad de los hoy sentenciados en el citado delito, registrado el 2 de septiembre del 2023, en la Zona Centro del municipio de Xicot\u00e9ncatl.<br \/>\nAdem\u00e1s, la autoridad judicial estableci\u00f3 que Bella \u201cD\u201d y Marcos \u201cC\u201d deber\u00e1n pagar una multa econ\u00f3mica equivalente a 4 Unidades de Medida y actualizaci\u00f3n.<\/p>\n<p><img loading=\"lazy\" decoding=\"async\" class=\"aligncenter wp-image-181452 size-full\" src=\"https:\/\/www.elsinodaldetamaulipas.com.mx\/wp-content\/uploads\/2024\/04\/440239286_1200377637998518_8318956962888709697_n.jpg\" alt=\"\" width=\"392\" height=\"569\" srcset=\"https:\/\/www.elsinodaldetamaulipas.com.mx\/wp-content\/uploads\/2024\/04\/440239286_1200377637998518_8318956962888709697_n.jpg 392w, https:\/\/www.elsinodaldetamaulipas.com.mx\/wp-content\/uploads\/2024\/04\/440239286_1200377637998518_8318956962888709697_n-207x300.jpg 207w\" sizes=\"auto, (max-width: 392px) 100vw, 392px\" \/><\/p>\n","protected":false},"excerpt":{"rendered":"<p>El Mante, Tamaulipas.- La Fiscal\u00eda General de Justicia de Tamaulipas informa que, el Representante Social obtuvo sentencia de 2 a\u00f1os y 11 meses en contra de Bella \u201cD\u201d y Marcos \u201cC\u201d por el delito de Robo a Comercio con Violencia. Un Tribunal de Enjuiciamiento emiti\u00f3 la condena, despu\u00e9s de que el Agente del Ministerio P\u00fablico [&hellip;]<\/p>\n","protected":false},"author":1,"featured_media":181453,"comment_status":"closed","ping_status":"closed","sticky":false,"template":"","format":"standard","meta":{"footnotes":""},"categories":[25],"tags":[],"class_list":["post-181451","post","type-post","status-publish","format-standard","has-post-thumbnail","hentry","category-leyyorden"],"_links":{"self":[{"href":"https:\/\/www.elsinodaldetamaulipas.com.mx\/index.php?rest_route=\/wp\/v2\/posts\/181451","targetHints":{"allow":["GET"]}}],"collection":[{"href":"https:\/\/www.elsinodaldetamaulipas.com.mx\/index.php?rest_route=\/wp\/v2\/posts"}],"about":[{"href":"https:\/\/www.elsinodaldetamaulipas.com.mx\/index.php?rest_route=\/wp\/v2\/types\/post"}],"author":[{"embeddable":true,"href":"https:\/\/www.elsinodaldetamaulipas.com.mx\/index.php?rest_route=\/wp\/v2\/users\/1"}],"replies":[{"embeddable":true,"href":"https:\/\/www.elsinodaldetamaulipas.com.mx\/index.php?rest_route=%2Fwp%2Fv2%2Fcomments&post=181451"}],"version-history":[{"count":1,"href":"https:\/\/www.elsinodaldetamaulipas.com.mx\/index.php?rest_route=\/wp\/v2\/posts\/181451\/revisions"}],"predecessor-version":[{"id":181454,"href":"https:\/\/www.elsinodaldetamaulipas.com.mx\/index.php?rest_route=\/wp\/v2\/posts\/181451\/revisions\/181454"}],"wp:featuredmedia":[{"embeddable":true,"href":"https:\/\/www.elsinodaldetamaulipas.com.mx\/index.php?rest_route=\/wp\/v2\/media\/181453"}],"wp:attachment":[{"href":"https:\/\/www.elsinodaldetamaulipas.com.mx\/index.php?rest_route=%2Fwp%2Fv2%2Fmedia&parent=181451"}],"wp:term":[{"taxonomy":"category","embeddable":true,"href":"https:\/\/www.elsinodaldetamaulipas.com.mx\/index.php?rest_route=%2Fwp%2Fv2%2Fcategories&post=181451"},{"taxonomy":"post_tag","embeddable":true,"href":"https:\/\/www.elsinodaldetamaulipas.com.mx\/index.php?rest_route=%2Fwp%2Fv2%2Ftags&post=181451"}],"curies":[{"name":"wp","href":"https:\/\/api.w.org\/{rel}","templated":true}]}}