{"id":181792,"date":"2024-04-30T09:59:32","date_gmt":"2024-04-30T13:59:32","guid":{"rendered":"https:\/\/www.elsinodaldetamaulipas.com.mx\/?p=181792"},"modified":"2024-04-30T09:59:32","modified_gmt":"2024-04-30T13:59:32","slug":"utilizan-tacticas-binacionales-en-el-combate-al-delito","status":"publish","type":"post","link":"https:\/\/www.elsinodaldetamaulipas.com.mx\/?p=181792","title":{"rendered":"UTILIZAN TACTICAS BINACIONALES EN EL COMBATE AL DELITO"},"content":{"rendered":"<p>EL SINODAL DE TAMAULIPAS<br \/>\nCiudad Victoria, Tamaulipas.- La Fiscal\u00eda General de Justicia del Estado de Tamaulipas informa que en el marco de la cooperaci\u00f3n binacional M\u00e9xico-Estados Unidos, y como resultado de una invitaci\u00f3n conjunta y colaboraci\u00f3n con la Oficina de Investigaciones de Seguridad Nacional (HSI, por sus siglas en ingl\u00e9s), el personal policial de la Unidad Especializada en Combate al Secuestro (UECS) y de la Fiscal\u00eda de Distrito Reynosa particip\u00f3 en la capacitaci\u00f3n \u00abIntercambio de mejores pr\u00e1cticas en la investigaci\u00f3n de tr\u00e1fico y trata de personas\u00bb, realizado en la ciudad de M\u00e9rida, Yucat\u00e1n.<br \/>\nDurante esta capacitaci\u00f3n, se cont\u00f3 con la participaci\u00f3n como ponente la Titular de la UECS, adem\u00e1s de la asistencia de 50 elementos de diversas corporaciones policiales de M\u00e9xico.<br \/>\nEsta actividad permiti\u00f3 al personal de la Instituci\u00f3n intercambiar experiencias y conocimientos con expertos en el campo de la investigaci\u00f3n de tr\u00e1fico y trata de personas, fortaleciendo sus capacidades y estrategias para combatir estos delitos.<\/p>\n<p><img loading=\"lazy\" decoding=\"async\" class=\"aligncenter wp-image-181795 size-large\" src=\"https:\/\/www.elsinodaldetamaulipas.com.mx\/wp-content\/uploads\/2024\/04\/439678567_7261899953918957_3585471339927886104_n-577x1024.jpg\" alt=\"\" width=\"577\" height=\"1024\" srcset=\"https:\/\/www.elsinodaldetamaulipas.com.mx\/wp-content\/uploads\/2024\/04\/439678567_7261899953918957_3585471339927886104_n-577x1024.jpg 577w, https:\/\/www.elsinodaldetamaulipas.com.mx\/wp-content\/uploads\/2024\/04\/439678567_7261899953918957_3585471339927886104_n-169x300.jpg 169w, https:\/\/www.elsinodaldetamaulipas.com.mx\/wp-content\/uploads\/2024\/04\/439678567_7261899953918957_3585471339927886104_n-768x1362.jpg 768w, https:\/\/www.elsinodaldetamaulipas.com.mx\/wp-content\/uploads\/2024\/04\/439678567_7261899953918957_3585471339927886104_n-866x1536.jpg 866w, https:\/\/www.elsinodaldetamaulipas.com.mx\/wp-content\/uploads\/2024\/04\/439678567_7261899953918957_3585471339927886104_n.jpg 902w\" sizes=\"auto, (max-width: 577px) 100vw, 577px\" \/><\/p>\n<p><img loading=\"lazy\" decoding=\"async\" class=\"aligncenter wp-image-181796 size-large\" src=\"https:\/\/www.elsinodaldetamaulipas.com.mx\/wp-content\/uploads\/2024\/04\/439796662_455911110444544_8709673976315856368_n-1024x576.jpg\" alt=\"\" width=\"640\" height=\"360\" srcset=\"https:\/\/www.elsinodaldetamaulipas.com.mx\/wp-content\/uploads\/2024\/04\/439796662_455911110444544_8709673976315856368_n-1024x576.jpg 1024w, https:\/\/www.elsinodaldetamaulipas.com.mx\/wp-content\/uploads\/2024\/04\/439796662_455911110444544_8709673976315856368_n-300x169.jpg 300w, https:\/\/www.elsinodaldetamaulipas.com.mx\/wp-content\/uploads\/2024\/04\/439796662_455911110444544_8709673976315856368_n-768x432.jpg 768w, https:\/\/www.elsinodaldetamaulipas.com.mx\/wp-content\/uploads\/2024\/04\/439796662_455911110444544_8709673976315856368_n-1536x864.jpg 1536w, https:\/\/www.elsinodaldetamaulipas.com.mx\/wp-content\/uploads\/2024\/04\/439796662_455911110444544_8709673976315856368_n.jpg 1600w\" sizes=\"auto, (max-width: 640px) 100vw, 640px\" \/><\/p>\n<p><img loading=\"lazy\" decoding=\"async\" class=\"aligncenter wp-image-181794 size-large\" src=\"https:\/\/www.elsinodaldetamaulipas.com.mx\/wp-content\/uploads\/2024\/04\/439626234_406049495528547_8626168041583022959_n-1024x768.jpg\" alt=\"\" width=\"640\" height=\"480\" srcset=\"https:\/\/www.elsinodaldetamaulipas.com.mx\/wp-content\/uploads\/2024\/04\/439626234_406049495528547_8626168041583022959_n-1024x768.jpg 1024w, https:\/\/www.elsinodaldetamaulipas.com.mx\/wp-content\/uploads\/2024\/04\/439626234_406049495528547_8626168041583022959_n-300x225.jpg 300w, https:\/\/www.elsinodaldetamaulipas.com.mx\/wp-content\/uploads\/2024\/04\/439626234_406049495528547_8626168041583022959_n-768x576.jpg 768w, https:\/\/www.elsinodaldetamaulipas.com.mx\/wp-content\/uploads\/2024\/04\/439626234_406049495528547_8626168041583022959_n-1536x1152.jpg 1536w, https:\/\/www.elsinodaldetamaulipas.com.mx\/wp-content\/uploads\/2024\/04\/439626234_406049495528547_8626168041583022959_n-272x204.jpg 272w, https:\/\/www.elsinodaldetamaulipas.com.mx\/wp-content\/uploads\/2024\/04\/439626234_406049495528547_8626168041583022959_n.jpg 1600w\" sizes=\"auto, (max-width: 640px) 100vw, 640px\" \/><\/p>\n<p><img loading=\"lazy\" decoding=\"async\" class=\"aligncenter wp-image-181797 size-large\" src=\"https:\/\/www.elsinodaldetamaulipas.com.mx\/wp-content\/uploads\/2024\/04\/439848609_2465542190321193_8796135222817329765_n-1024x768.jpg\" alt=\"\" width=\"640\" height=\"480\" srcset=\"https:\/\/www.elsinodaldetamaulipas.com.mx\/wp-content\/uploads\/2024\/04\/439848609_2465542190321193_8796135222817329765_n-1024x768.jpg 1024w, https:\/\/www.elsinodaldetamaulipas.com.mx\/wp-content\/uploads\/2024\/04\/439848609_2465542190321193_8796135222817329765_n-300x225.jpg 300w, https:\/\/www.elsinodaldetamaulipas.com.mx\/wp-content\/uploads\/2024\/04\/439848609_2465542190321193_8796135222817329765_n-768x576.jpg 768w, https:\/\/www.elsinodaldetamaulipas.com.mx\/wp-content\/uploads\/2024\/04\/439848609_2465542190321193_8796135222817329765_n-1536x1152.jpg 1536w, https:\/\/www.elsinodaldetamaulipas.com.mx\/wp-content\/uploads\/2024\/04\/439848609_2465542190321193_8796135222817329765_n-272x204.jpg 272w, https:\/\/www.elsinodaldetamaulipas.com.mx\/wp-content\/uploads\/2024\/04\/439848609_2465542190321193_8796135222817329765_n.jpg 1600w\" sizes=\"auto, (max-width: 640px) 100vw, 640px\" \/><\/p>\n<p><img loading=\"lazy\" decoding=\"async\" class=\"aligncenter wp-image-181798 size-large\" src=\"https:\/\/www.elsinodaldetamaulipas.com.mx\/wp-content\/uploads\/2024\/04\/439357177_1211723216873154_6681895956672844238_n-1024x768.jpg\" alt=\"\" width=\"640\" height=\"480\" srcset=\"https:\/\/www.elsinodaldetamaulipas.com.mx\/wp-content\/uploads\/2024\/04\/439357177_1211723216873154_6681895956672844238_n-1024x768.jpg 1024w, https:\/\/www.elsinodaldetamaulipas.com.mx\/wp-content\/uploads\/2024\/04\/439357177_1211723216873154_6681895956672844238_n-300x225.jpg 300w, https:\/\/www.elsinodaldetamaulipas.com.mx\/wp-content\/uploads\/2024\/04\/439357177_1211723216873154_6681895956672844238_n-768x576.jpg 768w, https:\/\/www.elsinodaldetamaulipas.com.mx\/wp-content\/uploads\/2024\/04\/439357177_1211723216873154_6681895956672844238_n-272x204.jpg 272w, https:\/\/www.elsinodaldetamaulipas.com.mx\/wp-content\/uploads\/2024\/04\/439357177_1211723216873154_6681895956672844238_n.jpg 1280w\" sizes=\"auto, (max-width: 640px) 100vw, 640px\" \/><\/p>\n<p><img loading=\"lazy\" decoding=\"async\" class=\"aligncenter wp-image-181799 size-large\" src=\"https:\/\/www.elsinodaldetamaulipas.com.mx\/wp-content\/uploads\/2024\/04\/439361954_414185748228159_3233476034942046724_n-1024x768.jpg\" alt=\"\" width=\"640\" height=\"480\" srcset=\"https:\/\/www.elsinodaldetamaulipas.com.mx\/wp-content\/uploads\/2024\/04\/439361954_414185748228159_3233476034942046724_n-1024x768.jpg 1024w, https:\/\/www.elsinodaldetamaulipas.com.mx\/wp-content\/uploads\/2024\/04\/439361954_414185748228159_3233476034942046724_n-300x225.jpg 300w, https:\/\/www.elsinodaldetamaulipas.com.mx\/wp-content\/uploads\/2024\/04\/439361954_414185748228159_3233476034942046724_n-768x576.jpg 768w, https:\/\/www.elsinodaldetamaulipas.com.mx\/wp-content\/uploads\/2024\/04\/439361954_414185748228159_3233476034942046724_n-272x204.jpg 272w, https:\/\/www.elsinodaldetamaulipas.com.mx\/wp-content\/uploads\/2024\/04\/439361954_414185748228159_3233476034942046724_n.jpg 1280w\" sizes=\"auto, (max-width: 640px) 100vw, 640px\" \/><\/p>\n<p>&nbsp;<\/p>\n","protected":false},"excerpt":{"rendered":"<p>EL SINODAL DE TAMAULIPAS Ciudad Victoria, Tamaulipas.- La Fiscal\u00eda General de Justicia del Estado de Tamaulipas informa que en el marco de la cooperaci\u00f3n binacional M\u00e9xico-Estados Unidos, y como resultado de una invitaci\u00f3n conjunta y colaboraci\u00f3n con la Oficina de Investigaciones de Seguridad Nacional (HSI, por sus siglas en ingl\u00e9s), el personal policial de la [&hellip;]<\/p>\n","protected":false},"author":1,"featured_media":181793,"comment_status":"closed","ping_status":"closed","sticky":false,"template":"","format":"standard","meta":{"footnotes":""},"categories":[25],"tags":[],"class_list":["post-181792","post","type-post","status-publish","format-standard","has-post-thumbnail","hentry","category-leyyorden"],"_links":{"self":[{"href":"https:\/\/www.elsinodaldetamaulipas.com.mx\/index.php?rest_route=\/wp\/v2\/posts\/181792","targetHints":{"allow":["GET"]}}],"collection":[{"href":"https:\/\/www.elsinodaldetamaulipas.com.mx\/index.php?rest_route=\/wp\/v2\/posts"}],"about":[{"href":"https:\/\/www.elsinodaldetamaulipas.com.mx\/index.php?rest_route=\/wp\/v2\/types\/post"}],"author":[{"embeddable":true,"href":"https:\/\/www.elsinodaldetamaulipas.com.mx\/index.php?rest_route=\/wp\/v2\/users\/1"}],"replies":[{"embeddable":true,"href":"https:\/\/www.elsinodaldetamaulipas.com.mx\/index.php?rest_route=%2Fwp%2Fv2%2Fcomments&post=181792"}],"version-history":[{"count":1,"href":"https:\/\/www.elsinodaldetamaulipas.com.mx\/index.php?rest_route=\/wp\/v2\/posts\/181792\/revisions"}],"predecessor-version":[{"id":181800,"href":"https:\/\/www.elsinodaldetamaulipas.com.mx\/index.php?rest_route=\/wp\/v2\/posts\/181792\/revisions\/181800"}],"wp:featuredmedia":[{"embeddable":true,"href":"https:\/\/www.elsinodaldetamaulipas.com.mx\/index.php?rest_route=\/wp\/v2\/media\/181793"}],"wp:attachment":[{"href":"https:\/\/www.elsinodaldetamaulipas.com.mx\/index.php?rest_route=%2Fwp%2Fv2%2Fmedia&parent=181792"}],"wp:term":[{"taxonomy":"category","embeddable":true,"href":"https:\/\/www.elsinodaldetamaulipas.com.mx\/index.php?rest_route=%2Fwp%2Fv2%2Fcategories&post=181792"},{"taxonomy":"post_tag","embeddable":true,"href":"https:\/\/www.elsinodaldetamaulipas.com.mx\/index.php?rest_route=%2Fwp%2Fv2%2Ftags&post=181792"}],"curies":[{"name":"wp","href":"https:\/\/api.w.org\/{rel}","templated":true}]}}