{"id":182443,"date":"2024-05-07T00:07:27","date_gmt":"2024-05-07T04:07:27","guid":{"rendered":"https:\/\/www.elsinodaldetamaulipas.com.mx\/?p=182443"},"modified":"2024-05-07T00:07:27","modified_gmt":"2024-05-07T04:07:27","slug":"sentencia-de-14-anos-de-carcel-a-extorsionador","status":"publish","type":"post","link":"https:\/\/www.elsinodaldetamaulipas.com.mx\/?p=182443","title":{"rendered":"SENTENCIA DE 14 A\u00d1OS DE C\u00c1RCEL A EXTORSIONADOR"},"content":{"rendered":"<p>EL SINODAL DE TAMAULIPAS<br \/>\nCiudad Victoria, Tamaulipas. \u2013 La Fiscal\u00eda General de Justicia del Estado de Tamaulipas informa que el Agente del Ministerio P\u00fablico, adscrito a la Unidad Especializada en Combate al Secuestro (UECS), obtuvo sentencia condenatoria de 14 a\u00f1os de prisi\u00f3n en contra de Carlos Eduardo \u201cS\u201d, por el delito de Extorsi\u00f3n Agravada.<br \/>\nUn \u00d3rgano Jurisdiccional emiti\u00f3 la sentencia despu\u00e9s de que el Representante Social presentara pruebas que acreditaron fehacientemente la responsabilidad del hoy sentenciado en el citado delito, registrado el 26 de mayo de 2022, en colonia Morelos de este municipio.<br \/>\nAsimismo, la autoridad judicial estableci\u00f3 que Carlos Eduardo \u201cS\u201d, deber\u00e1 pagar una multa por un total de 50 mil, 996.00 pesos; adem\u00e1s, de recibir amonestaci\u00f3n y la suspensi\u00f3n de sus derechos civiles y pol\u00edticos durante su confinamiento.<\/p>\n","protected":false},"excerpt":{"rendered":"<p>EL SINODAL DE TAMAULIPAS Ciudad Victoria, Tamaulipas. \u2013 La Fiscal\u00eda General de Justicia del Estado de Tamaulipas informa que el Agente del Ministerio P\u00fablico, adscrito a la Unidad Especializada en Combate al Secuestro (UECS), obtuvo sentencia condenatoria de 14 a\u00f1os de prisi\u00f3n en contra de Carlos Eduardo \u201cS\u201d, por el delito de Extorsi\u00f3n Agravada. Un [&hellip;]<\/p>\n","protected":false},"author":1,"featured_media":182444,"comment_status":"closed","ping_status":"closed","sticky":false,"template":"","format":"standard","meta":{"footnotes":""},"categories":[25],"tags":[],"class_list":["post-182443","post","type-post","status-publish","format-standard","has-post-thumbnail","hentry","category-leyyorden"],"_links":{"self":[{"href":"https:\/\/www.elsinodaldetamaulipas.com.mx\/index.php?rest_route=\/wp\/v2\/posts\/182443","targetHints":{"allow":["GET"]}}],"collection":[{"href":"https:\/\/www.elsinodaldetamaulipas.com.mx\/index.php?rest_route=\/wp\/v2\/posts"}],"about":[{"href":"https:\/\/www.elsinodaldetamaulipas.com.mx\/index.php?rest_route=\/wp\/v2\/types\/post"}],"author":[{"embeddable":true,"href":"https:\/\/www.elsinodaldetamaulipas.com.mx\/index.php?rest_route=\/wp\/v2\/users\/1"}],"replies":[{"embeddable":true,"href":"https:\/\/www.elsinodaldetamaulipas.com.mx\/index.php?rest_route=%2Fwp%2Fv2%2Fcomments&post=182443"}],"version-history":[{"count":1,"href":"https:\/\/www.elsinodaldetamaulipas.com.mx\/index.php?rest_route=\/wp\/v2\/posts\/182443\/revisions"}],"predecessor-version":[{"id":182445,"href":"https:\/\/www.elsinodaldetamaulipas.com.mx\/index.php?rest_route=\/wp\/v2\/posts\/182443\/revisions\/182445"}],"wp:featuredmedia":[{"embeddable":true,"href":"https:\/\/www.elsinodaldetamaulipas.com.mx\/index.php?rest_route=\/wp\/v2\/media\/182444"}],"wp:attachment":[{"href":"https:\/\/www.elsinodaldetamaulipas.com.mx\/index.php?rest_route=%2Fwp%2Fv2%2Fmedia&parent=182443"}],"wp:term":[{"taxonomy":"category","embeddable":true,"href":"https:\/\/www.elsinodaldetamaulipas.com.mx\/index.php?rest_route=%2Fwp%2Fv2%2Fcategories&post=182443"},{"taxonomy":"post_tag","embeddable":true,"href":"https:\/\/www.elsinodaldetamaulipas.com.mx\/index.php?rest_route=%2Fwp%2Fv2%2Ftags&post=182443"}],"curies":[{"name":"wp","href":"https:\/\/api.w.org\/{rel}","templated":true}]}}