{"id":185236,"date":"2024-06-10T21:44:54","date_gmt":"2024-06-11T01:44:54","guid":{"rendered":"https:\/\/www.elsinodaldetamaulipas.com.mx\/?p=185236"},"modified":"2024-06-10T21:44:54","modified_gmt":"2024-06-11T01:44:54","slug":"la-infantilizacion-de-los-universitarios","status":"publish","type":"post","link":"https:\/\/www.elsinodaldetamaulipas.com.mx\/?p=185236","title":{"rendered":"La infantilizaci\u00f3n de los universitarios"},"content":{"rendered":"<p>Dr. Ad\u00e1n Echeverr\u00eda-Garc\u00eda<\/p>\n<p>Esta semana, en muchas escuelas de todos los niveles escolares en la frontera norte de M\u00e9xico, se adhirieron a esta celebraci\u00f3n copiada a los colegios del pa\u00eds vecino. Le llaman Semana Loca. En ella los estudiantes asistir\u00e1n a sus colegios con la ropa que, autoridades de la escuela hayan decidido, d\u00eda a d\u00eda una vestimenta loca diferente. Puede ser que un d\u00eda asistan en pijamas, otro d\u00eda llegar\u00e1n disfrazados de super h\u00e9roes, otro de cualquier cosa que hayan escogido. El ideal es: que los estudiantes tengan un rato agradable.<\/p>\n<p>Lo cierto es que los universitarios tienen edades entre los 18 y 23 a\u00f1os, el 80% de ellos trabaja y asiste al colegio. Muchos estudiantes salen a las 15 horas y corren a las empresas para trabajar hasta las 10 de la noche; otros van a casa, descansan unas horas y entran en el turno nocturno. La gran mayor\u00eda de los estudiantes tiene una ortograf\u00eda tr\u00e1gica. No poseen o poseen muy pocos ideales pol\u00edticos.<\/p>\n<p>Las votaciones pasadas mis alumnos no ten\u00edan idea de quienes eran los tres candidatos a la presidencia del pa\u00eds. No saben qu\u00e9 hay una guerra en Israel-Palestina y otra entre Rusia y Ucrania. No tienen la menor idea de lo que ocurri\u00f3 el 2 de octubre de 1968, o el 10 de junio de 1971; no saben qu\u00e9 fue la Guerra Sucia, aunque en estos tres casos se trata del asesinato y desaparici\u00f3n de estudiantes universitarios como ellos; algunos alumnos y alumnos a los que les imparto clases apenas han escuchado del EZLN. No tienen idea de las reformas al sistema de pensiones, ni de la jornada de 40 horas laboral que se est\u00e1 peleando; no tienen idea de cu\u00e1ntos diputados y senadores conforman el Congreso de la Uni\u00f3n, y no saben absolutamente nada acerca del PRD que reci\u00e9n perdi\u00f3 su registro. Y supongo que, las autoridades universitarias, en vez de brindarles espacios para formar cuadros filos\u00f3ficos, pol\u00edticos, bolsas de trabajo, de brindarles lecturas, charlas, creaci\u00f3n de foros de debate, lo principal en lo que sus reuniones terminan, es en preparar: una Semana Loca. Porque tienen claro que eso es lo que necesitan los j\u00f3venes universitarios.<\/p>\n<p>Que importa que los estudiantes vean el amanecer en la f\u00e1brica o en la maquiladora y a las 6 am tengan que correr a la escuela, para que lleguen y les digan: \u201cEsta semana jugaremos a la semana loca. Nos divertiremos mucho.\u201d<\/p>\n<p>Porque supongo que los j\u00f3venes universitarios no deben ser educados en ciencia, arte y deporte, as\u00ed como en el conocimiento y la lucha por tener y obtener derechos que les brinden un pensamiento universal cargado de tolerancia y empat\u00eda por los dem\u00e1s que no han podido llegar a la universidad.<\/p>\n<p>Pero por supuesto que estoy en contra de estas celebraciones en el nivel universitario. Entiendo que lo celebren hasta en la prepa. Pero no puedo dejar de pensar en la necesidad de que en los salones de la universidad, formemos adultos responsables, que sepan del mundo que les rodea, que conozcan sobre todo aquello que es volverse un ciudadano mexicano y del mundo; una persona capaz de construir ideas para una sociedad mejor y m\u00e1s equitativa.<\/p>\n<p>Y que las semanas locas se transformen y reduzcan a un solo d\u00eda de celebraci\u00f3n para cuando concluyen su semana de ex\u00e1menes, y darles un respiro; pero no toda una semana de volverse nuevamente ni\u00f1os y ni\u00f1as irresponsables. Es enorme la cantidad de alumnos y alumnas que estas fechas siempre me dicen: Oiga, profe, \u00bfpara esto vine a clases; para estas payasadas?<\/p>\n<p>\u00abCuando era ni\u00f1o, hac\u00eda cosas de ni\u00f1o; conforme me hice adulto comenc\u00e9 a involucrarme en cosas de adulto y dej\u00e9 atr\u00e1s las cosas de ni\u00f1o\u00bb, dicen por ah\u00ed esos libros que algunos llaman Escrituras Sagradas. Dudo que muchos lo recuerden. Es un hecho que, por seguir con el pensamiento infantilizado, lo que menos har\u00e1n ser\u00e1 leer.<\/p>\n","protected":false},"excerpt":{"rendered":"<p>Dr. Ad\u00e1n Echeverr\u00eda-Garc\u00eda Esta semana, en muchas escuelas de todos los niveles escolares en la frontera norte de M\u00e9xico, se adhirieron a esta celebraci\u00f3n copiada a los colegios del pa\u00eds vecino. Le llaman Semana Loca. En ella los estudiantes asistir\u00e1n a sus colegios con la ropa que, autoridades de la escuela hayan decidido, d\u00eda a [&hellip;]<\/p>\n","protected":false},"author":1,"featured_media":185237,"comment_status":"closed","ping_status":"closed","sticky":false,"template":"","format":"standard","meta":{"footnotes":""},"categories":[16],"tags":[],"class_list":["post-185236","post","type-post","status-publish","format-standard","has-post-thumbnail","hentry","category-opinion"],"_links":{"self":[{"href":"https:\/\/www.elsinodaldetamaulipas.com.mx\/index.php?rest_route=\/wp\/v2\/posts\/185236","targetHints":{"allow":["GET"]}}],"collection":[{"href":"https:\/\/www.elsinodaldetamaulipas.com.mx\/index.php?rest_route=\/wp\/v2\/posts"}],"about":[{"href":"https:\/\/www.elsinodaldetamaulipas.com.mx\/index.php?rest_route=\/wp\/v2\/types\/post"}],"author":[{"embeddable":true,"href":"https:\/\/www.elsinodaldetamaulipas.com.mx\/index.php?rest_route=\/wp\/v2\/users\/1"}],"replies":[{"embeddable":true,"href":"https:\/\/www.elsinodaldetamaulipas.com.mx\/index.php?rest_route=%2Fwp%2Fv2%2Fcomments&post=185236"}],"version-history":[{"count":1,"href":"https:\/\/www.elsinodaldetamaulipas.com.mx\/index.php?rest_route=\/wp\/v2\/posts\/185236\/revisions"}],"predecessor-version":[{"id":185238,"href":"https:\/\/www.elsinodaldetamaulipas.com.mx\/index.php?rest_route=\/wp\/v2\/posts\/185236\/revisions\/185238"}],"wp:featuredmedia":[{"embeddable":true,"href":"https:\/\/www.elsinodaldetamaulipas.com.mx\/index.php?rest_route=\/wp\/v2\/media\/185237"}],"wp:attachment":[{"href":"https:\/\/www.elsinodaldetamaulipas.com.mx\/index.php?rest_route=%2Fwp%2Fv2%2Fmedia&parent=185236"}],"wp:term":[{"taxonomy":"category","embeddable":true,"href":"https:\/\/www.elsinodaldetamaulipas.com.mx\/index.php?rest_route=%2Fwp%2Fv2%2Fcategories&post=185236"},{"taxonomy":"post_tag","embeddable":true,"href":"https:\/\/www.elsinodaldetamaulipas.com.mx\/index.php?rest_route=%2Fwp%2Fv2%2Ftags&post=185236"}],"curies":[{"name":"wp","href":"https:\/\/api.w.org\/{rel}","templated":true}]}}