{"id":185239,"date":"2024-06-10T21:45:28","date_gmt":"2024-06-11T01:45:28","guid":{"rendered":"https:\/\/www.elsinodaldetamaulipas.com.mx\/?p=185239"},"modified":"2024-06-10T21:45:28","modified_gmt":"2024-06-11T01:45:28","slug":"reflector-10","status":"publish","type":"post","link":"https:\/\/www.elsinodaldetamaulipas.com.mx\/?p=185239","title":{"rendered":"Reflector"},"content":{"rendered":"<p>\/ Gilda R. Ter\u00e1n.<\/p>\n<p>El gobernador de la entidad se re\u00fane con los representantes de los medios de comunicaci\u00f3n,<br \/>\npara reconocer su loable trabajo y refrend\u00f3 su compromiso para continuar garantizando las<br \/>\ncondiciones de seguridad y respeto a esta pr\u00e1ctica, hasta el \u00faltimo d\u00eda de su administraci\u00f3n.<br \/>\nEn el marco del d\u00eda de \u201cla libertad de expresi\u00f3n\u201d Am\u00e9rico Villarreal Anaya, Mandatario<br \/>\nestatal, expres\u00f3 su felicitaci\u00f3n, reconocimiento y aprecio a los integrantes de los medios,<br \/>\nasegur\u00f3 que la premisa de su gobierno siempre ha sido la del respaldo pleno al ejercicio<br \/>\nperiod\u00edstico.<br \/>\nAdem\u00e1s asegur\u00f3 que el respeto a la opini\u00f3n p\u00fablica y a la no censura en la cr\u00edtica<br \/>\npropositiva, se constituye en un derecho fundamental en la vida democr\u00e1tica de cualquier<br \/>\nestado o pa\u00eds.<br \/>\nPor lo que se\u00f1al\u00f3 que a los profesionales de la comunicaci\u00f3n su gobierno por convicci\u00f3n<br \/>\ndemocr\u00e1tica siempre impulsar\u00e1 el quehacer de transmitir el acontecer diario de la noticia y<br \/>\ngarantizar\u00e1 su libertad de expresi\u00f3n.<br \/>\nEl mandatario estatal, comparti\u00f3 \u201cel pan y la sal\u201d, con los comunicadores, intercambi\u00f3<br \/>\nimpresiones con los periodistas, que a trav\u00e9s de sus diferentes plataformas de comunicaci\u00f3n<br \/>\ncolaboran en la construcci\u00f3n de una sociedad m\u00e1s informada y participativa.<br \/>\nUAT ENTREGA GENERACION DE PROFESIONISTAS.<br \/>\nLa Universidad Aut\u00f3noma de Tamaulipas, sigue entregando frutos de su entrega en<br \/>\npreparar profesionistas que sirvan a la sociedad, en sus diferentes gamas de carreras que<br \/>\nesta m\u00e1xima casa de estudios oferta a los estudiantes.<br \/>\nPor lo pronto D\u00e1maso Anaya Alvarado, Rector Universitario, atestiguo la culminaci\u00f3n de<br \/>\nestudios profesionales al dar fe de la generaci\u00f3n 2020-2024 de las Licenciaturas en<br \/>\nEnfermer\u00eda y en Nutrici\u00f3n y Salud Integral.<br \/>\nEsta generaci\u00f3n llev\u00f3 el nombre del Dr. Rigoberto C\u00e1rdenas P\u00e9rez, quien es un entregado<br \/>\ndocente en estas carreras profesionales, y fue a 152 graduados que se les entreg\u00f3 su<br \/>\nconstancia de terminaci\u00f3n de estudios.<br \/>\nEn esta ceremonia el Rector, exhort\u00f3 a los nuevos profesionistas a que se manejen con<br \/>\n\u00e9tica, honestidad y en sus futuros trabajos y en el pongan en pr\u00e1ctica su acervo cultural<br \/>\nadquirido en esta Universidad.<br \/>\nEL HOMBRE UN DEPREDADOR DE SI MISMO.<\/p>\n<p>Es cierto que hoy en d\u00eda, en las sociedades actuales, podemos decir que el mayor enemigo<br \/>\ndel hombre es el mismo, tome en cuenta que somos la \u00fanica especie que ataca<br \/>\npremeditadamente y no por instinto, no se trata de supervivencia ni de defensa propia, nos<br \/>\nmovemos guiados por intereses ego\u00edstas.<br \/>\nEn ocasiones somos intolerantes y posesivos, \u00bfactuamos as\u00ed por instinto?, \u00bfest\u00e1 ese<br \/>\ncomportamiento en nuestra naturaleza? en caso negativo, llamarnos animales ser\u00eda insultar<br \/>\na los animales, los cuales s\u00ed que se mueven impulsados por el instinto ya que no tienen la<br \/>\ncapacidad para razonar que tiene el ser humano.<br \/>\nSin embargo, nos debe confortar que no todos somos as\u00ed, que hay personas que no se<br \/>\nmueven guiadas por intereses sino que ayudan porque creen que es lo correcto, personas<br \/>\nque valoran otras cosas por encima de sus bienes y sus ganancias, gente que se respeta a s\u00ed<br \/>\nmisma y tambi\u00e9n a los dem\u00e1s.<br \/>\nPodemos decir pues; que la principal causante del ego\u00edsmo humano no es su naturaleza,<br \/>\nsino m\u00e1s bien la sociedad capitalista, este grupo que supuestamente premia a los que se<br \/>\nesfuerzan y castiga con dureza a los que no, lo \u00fanico que hace es crear cada vez m\u00e1s<br \/>\ndesigualdades.<br \/>\nHaciendo con esto mucho m\u00e1s dif\u00edcil la igualdad de oportunidades, provocando de esta<br \/>\nmanera el odio y el resentimiento de aquellos que menos tienen y la avaricia de aquellos<br \/>\nque m\u00e1s tienen, que hacen lo que pueden para preservar sus privilegios.<br \/>\nVer\u00e1 usted, se trata de una sociedad en la que se ense\u00f1a a las personas desde muy peque\u00f1as<br \/>\na competir para obtener lo m\u00e1ximo posible, sin un objetivo claro m\u00e1s que el de acumular<br \/>\nriquezas y privilegios.<br \/>\nEs posible concluir que el hombre tiene un gran potencial para el bien pero tambi\u00e9n para el<br \/>\nmal, espec\u00edficamente cuando s\u00f3lo busca sus propios intereses y no se preocupa por su<br \/>\npr\u00f3jimo.<br \/>\nPorque vemos que es com\u00fan que los m\u00e1s fuertes exploten a los m\u00e1s d\u00e9biles, cuando<br \/>\ndeber\u00edan protegerlos, esto revela que el hombre tiene esp\u00edritu de depredador, siendo un<br \/>\nvillano para s\u00ed mismo.<br \/>\nHasta la pr\u00f3xima.<br \/>\ngildateran@yahoo.com.mx<\/p>\n","protected":false},"excerpt":{"rendered":"<p>\/ Gilda R. Ter\u00e1n. El gobernador de la entidad se re\u00fane con los representantes de los medios de comunicaci\u00f3n, para reconocer su loable trabajo y refrend\u00f3 su compromiso para continuar garantizando las condiciones de seguridad y respeto a esta pr\u00e1ctica, hasta el \u00faltimo d\u00eda de su administraci\u00f3n. En el marco del d\u00eda de \u201cla libertad [&hellip;]<\/p>\n","protected":false},"author":1,"featured_media":185240,"comment_status":"closed","ping_status":"closed","sticky":false,"template":"","format":"standard","meta":{"footnotes":""},"categories":[16],"tags":[],"class_list":["post-185239","post","type-post","status-publish","format-standard","has-post-thumbnail","hentry","category-opinion"],"_links":{"self":[{"href":"https:\/\/www.elsinodaldetamaulipas.com.mx\/index.php?rest_route=\/wp\/v2\/posts\/185239","targetHints":{"allow":["GET"]}}],"collection":[{"href":"https:\/\/www.elsinodaldetamaulipas.com.mx\/index.php?rest_route=\/wp\/v2\/posts"}],"about":[{"href":"https:\/\/www.elsinodaldetamaulipas.com.mx\/index.php?rest_route=\/wp\/v2\/types\/post"}],"author":[{"embeddable":true,"href":"https:\/\/www.elsinodaldetamaulipas.com.mx\/index.php?rest_route=\/wp\/v2\/users\/1"}],"replies":[{"embeddable":true,"href":"https:\/\/www.elsinodaldetamaulipas.com.mx\/index.php?rest_route=%2Fwp%2Fv2%2Fcomments&post=185239"}],"version-history":[{"count":1,"href":"https:\/\/www.elsinodaldetamaulipas.com.mx\/index.php?rest_route=\/wp\/v2\/posts\/185239\/revisions"}],"predecessor-version":[{"id":185241,"href":"https:\/\/www.elsinodaldetamaulipas.com.mx\/index.php?rest_route=\/wp\/v2\/posts\/185239\/revisions\/185241"}],"wp:featuredmedia":[{"embeddable":true,"href":"https:\/\/www.elsinodaldetamaulipas.com.mx\/index.php?rest_route=\/wp\/v2\/media\/185240"}],"wp:attachment":[{"href":"https:\/\/www.elsinodaldetamaulipas.com.mx\/index.php?rest_route=%2Fwp%2Fv2%2Fmedia&parent=185239"}],"wp:term":[{"taxonomy":"category","embeddable":true,"href":"https:\/\/www.elsinodaldetamaulipas.com.mx\/index.php?rest_route=%2Fwp%2Fv2%2Fcategories&post=185239"},{"taxonomy":"post_tag","embeddable":true,"href":"https:\/\/www.elsinodaldetamaulipas.com.mx\/index.php?rest_route=%2Fwp%2Fv2%2Ftags&post=185239"}],"curies":[{"name":"wp","href":"https:\/\/api.w.org\/{rel}","templated":true}]}}