{"id":185242,"date":"2024-06-10T21:48:46","date_gmt":"2024-06-11T01:48:46","guid":{"rendered":"https:\/\/www.elsinodaldetamaulipas.com.mx\/?p=185242"},"modified":"2024-06-10T21:48:46","modified_gmt":"2024-06-11T01:48:46","slug":"caso-de-naturaleza-comun-convertido-en-iniciativa","status":"publish","type":"post","link":"https:\/\/www.elsinodaldetamaulipas.com.mx\/?p=185242","title":{"rendered":"CASO DE NATURALEZA COM\u00daN CONVERTIDO EN INICIATIVA"},"content":{"rendered":"<p>&nbsp;<\/p>\n<p>SE LE SECO EL CEREBRO AL<br \/>\nDIP. GUSTAVO CARDENAS<\/p>\n<p>EL SINODAL DE TAMAULIPAS<br \/>\nCiudad Victoria.- El diputado Gustavo C\u00e1rdenas present\u00f3 este lunes la petici\u00f3n para que el Congreso de Tamaulipas adopte de manera formal, a dos perritas llamadas Perrucha y Ardillita, las cuales realizan labores de vigilancia en la caseta de ingreso y por las noches acompa\u00f1an al personal de seguridad en los rondines en el exterior del edificio.<\/p>\n<p>Ante el pleno dijo que estos animalitos llegaron solos al poder legislativo y el personal les dio cobijo, las esteriliz\u00f3 y mediante colectas les proveen de alimento. Sin embargo, \u201ca pesar del loable esfuerzo de los empleados del congreso, no cuentan con chip, ni un seguimiento veterinario\u201d, seg\u00fan inform\u00f3 el diputado Gustavo C\u00e1rdenas por lo que hizo el llamado a sus compa\u00f1eros \u201ca responsabilizarse como la entidad legislativa que son\u201d.<\/p>\n<p>Es importante destacar que C\u00e1rdenas Guti\u00e9rrez, representante del partido Movimiento Ciudadano, lleg\u00f3 a presentar su iniciativa acompa\u00f1ado de Perrucha, quien arrib\u00f3 al pleno legislativo, ataviada en color naranja, adem\u00e1s de permanecer con el diputado en la tribuna.<\/p>\n<p>El punto de acuerdo exhorta al Secretario General del Congreso, Juan Lorenzo Ochoa Garc\u00eda, para que realice las acciones administrativas conducentes, a fin de que dicho \u00f3rgano legislativo se encargue de su manutenci\u00f3n y cuidado veterinario, independientemente de quienes ocupen los cargos directivos en las posteriores legislaturas, como ya se ha hecho en otras dependencias, entre las que figuran la Secretar\u00eda de Seguridad P\u00fablica de San Luis Potos\u00ed y los gatos que habitan en el Palacio Nacional en la Ciudad de M\u00e9xico.<\/p>\n<p>La propuesta del representante de Movimiento Ciudadano fue aprobada por unanimidad y con la adhesi\u00f3n de las bancadas de Morena, PAN, PRI y las diputadas sin partido. Asimismo, fue vista con benepl\u00e1cito por el personal del poder legislativo.<\/p>\n","protected":false},"excerpt":{"rendered":"<p>&nbsp; SE LE SECO EL CEREBRO AL DIP. GUSTAVO CARDENAS EL SINODAL DE TAMAULIPAS Ciudad Victoria.- El diputado Gustavo C\u00e1rdenas present\u00f3 este lunes la petici\u00f3n para que el Congreso de Tamaulipas adopte de manera formal, a dos perritas llamadas Perrucha y Ardillita, las cuales realizan labores de vigilancia en la caseta de ingreso y por [&hellip;]<\/p>\n","protected":false},"author":1,"featured_media":185243,"comment_status":"closed","ping_status":"closed","sticky":false,"template":"","format":"standard","meta":{"footnotes":""},"categories":[8],"tags":[],"class_list":["post-185242","post","type-post","status-publish","format-standard","has-post-thumbnail","hentry","category-ciudadvictoria"],"_links":{"self":[{"href":"https:\/\/www.elsinodaldetamaulipas.com.mx\/index.php?rest_route=\/wp\/v2\/posts\/185242","targetHints":{"allow":["GET"]}}],"collection":[{"href":"https:\/\/www.elsinodaldetamaulipas.com.mx\/index.php?rest_route=\/wp\/v2\/posts"}],"about":[{"href":"https:\/\/www.elsinodaldetamaulipas.com.mx\/index.php?rest_route=\/wp\/v2\/types\/post"}],"author":[{"embeddable":true,"href":"https:\/\/www.elsinodaldetamaulipas.com.mx\/index.php?rest_route=\/wp\/v2\/users\/1"}],"replies":[{"embeddable":true,"href":"https:\/\/www.elsinodaldetamaulipas.com.mx\/index.php?rest_route=%2Fwp%2Fv2%2Fcomments&post=185242"}],"version-history":[{"count":1,"href":"https:\/\/www.elsinodaldetamaulipas.com.mx\/index.php?rest_route=\/wp\/v2\/posts\/185242\/revisions"}],"predecessor-version":[{"id":185244,"href":"https:\/\/www.elsinodaldetamaulipas.com.mx\/index.php?rest_route=\/wp\/v2\/posts\/185242\/revisions\/185244"}],"wp:featuredmedia":[{"embeddable":true,"href":"https:\/\/www.elsinodaldetamaulipas.com.mx\/index.php?rest_route=\/wp\/v2\/media\/185243"}],"wp:attachment":[{"href":"https:\/\/www.elsinodaldetamaulipas.com.mx\/index.php?rest_route=%2Fwp%2Fv2%2Fmedia&parent=185242"}],"wp:term":[{"taxonomy":"category","embeddable":true,"href":"https:\/\/www.elsinodaldetamaulipas.com.mx\/index.php?rest_route=%2Fwp%2Fv2%2Fcategories&post=185242"},{"taxonomy":"post_tag","embeddable":true,"href":"https:\/\/www.elsinodaldetamaulipas.com.mx\/index.php?rest_route=%2Fwp%2Fv2%2Ftags&post=185242"}],"curies":[{"name":"wp","href":"https:\/\/api.w.org\/{rel}","templated":true}]}}