{"id":185248,"date":"2024-06-10T21:52:09","date_gmt":"2024-06-11T01:52:09","guid":{"rendered":"https:\/\/www.elsinodaldetamaulipas.com.mx\/?p=185248"},"modified":"2024-06-10T21:52:09","modified_gmt":"2024-06-11T01:52:09","slug":"concientiza-el-alcalde-sobre-el-cuidado-del-agua","status":"publish","type":"post","link":"https:\/\/www.elsinodaldetamaulipas.com.mx\/?p=185248","title":{"rendered":"CONCIENTIZA EL ALCALDE SOBRE EL CUIDADO DEL AGUA"},"content":{"rendered":"<p>Universitarios y Carlos Pe\u00f1a<br \/>\nUnidos en el tema ambiental<\/p>\n<p>EL SINODAL DE TAMAULIPAS<br \/>\nReynosa, Tam.- El Presidente Municipal, Carlos Pe\u00f1a Ortiz, particip\u00f3 con universitarios en el Foro Juvenil sobre la importancia de cuidar el agua, en el cual el Dr. Eduardo Cano Guerrero, Director de Ciencias de la Salud, represent\u00f3 a la Rectora de la instituci\u00f3n educativa, Ofelia Cota Cervantes.<\/p>\n<p>\u00abGracias a la Universidad Valle del Bravo por la oportunidad de participar con sus estudiantes en un Foro Juvenil, sobre lo importante de cuidar el agua, son muy significativas sus propuestas a favor de este recurso invaluable\u00bb, asegur\u00f3 el Alcalde.<\/p>\n<p>Ante la situaci\u00f3n que vive el norte de M\u00e9xico y en especial el sem\u00e1foro rojo en que se encuentra esta ciudad, el Presidente Municipal pidi\u00f3, en su di\u00e1logo con los universitarios, difundir las medidas que mencionaron en el di\u00e1logo, para tratar de evitar la escasez total del vital l\u00edquido.<\/p>\n<p>En el Foro particip\u00f3 la Lic. Berenice Ilusi\u00f3n Reyes B\u00e1rcenas, Coordinadora de Negocios de la UVB, adem\u00e1s de docentes que acompa\u00f1aron a los j\u00f3venes que escucharon del mandatario local, Carlos Pe\u00f1a Ortiz el compromiso de su Gobierno por promover la conciencia ambiental y tomar medidas para garantizar el acceso al recurso vital para todos los reynosenses.<\/p>\n<p>#JuntosVolamosM\u00e1sAlto<\/p>\n<p><img loading=\"lazy\" decoding=\"async\" class=\"aligncenter wp-image-185250 size-large\" src=\"https:\/\/www.elsinodaldetamaulipas.com.mx\/wp-content\/uploads\/2024\/06\/441956723_856126356368649_2674029354298315807_n-1024x682.jpg\" alt=\"\" width=\"640\" height=\"426\" srcset=\"https:\/\/www.elsinodaldetamaulipas.com.mx\/wp-content\/uploads\/2024\/06\/441956723_856126356368649_2674029354298315807_n-1024x682.jpg 1024w, https:\/\/www.elsinodaldetamaulipas.com.mx\/wp-content\/uploads\/2024\/06\/441956723_856126356368649_2674029354298315807_n-300x200.jpg 300w, https:\/\/www.elsinodaldetamaulipas.com.mx\/wp-content\/uploads\/2024\/06\/441956723_856126356368649_2674029354298315807_n-768x511.jpg 768w, https:\/\/www.elsinodaldetamaulipas.com.mx\/wp-content\/uploads\/2024\/06\/441956723_856126356368649_2674029354298315807_n.jpg 1080w\" sizes=\"auto, (max-width: 640px) 100vw, 640px\" \/><\/p>\n<p><img loading=\"lazy\" decoding=\"async\" class=\"aligncenter wp-image-185249 size-full\" src=\"https:\/\/www.elsinodaldetamaulipas.com.mx\/wp-content\/uploads\/2024\/06\/447689081_499126469117491_2767897113261741585_n.jpg\" alt=\"\" width=\"958\" height=\"958\" srcset=\"https:\/\/www.elsinodaldetamaulipas.com.mx\/wp-content\/uploads\/2024\/06\/447689081_499126469117491_2767897113261741585_n.jpg 958w, https:\/\/www.elsinodaldetamaulipas.com.mx\/wp-content\/uploads\/2024\/06\/447689081_499126469117491_2767897113261741585_n-300x300.jpg 300w, https:\/\/www.elsinodaldetamaulipas.com.mx\/wp-content\/uploads\/2024\/06\/447689081_499126469117491_2767897113261741585_n-150x150.jpg 150w, https:\/\/www.elsinodaldetamaulipas.com.mx\/wp-content\/uploads\/2024\/06\/447689081_499126469117491_2767897113261741585_n-768x768.jpg 768w\" sizes=\"auto, (max-width: 958px) 100vw, 958px\" \/><\/p>\n","protected":false},"excerpt":{"rendered":"<p>Universitarios y Carlos Pe\u00f1a Unidos en el tema ambiental EL SINODAL DE TAMAULIPAS Reynosa, Tam.- El Presidente Municipal, Carlos Pe\u00f1a Ortiz, particip\u00f3 con universitarios en el Foro Juvenil sobre la importancia de cuidar el agua, en el cual el Dr. Eduardo Cano Guerrero, Director de Ciencias de la Salud, represent\u00f3 a la Rectora de la [&hellip;]<\/p>\n","protected":false},"author":1,"featured_media":185251,"comment_status":"closed","ping_status":"closed","sticky":false,"template":"","format":"standard","meta":{"footnotes":""},"categories":[2],"tags":[],"class_list":["post-185248","post","type-post","status-publish","format-standard","has-post-thumbnail","hentry","category-reynosa"],"_links":{"self":[{"href":"https:\/\/www.elsinodaldetamaulipas.com.mx\/index.php?rest_route=\/wp\/v2\/posts\/185248","targetHints":{"allow":["GET"]}}],"collection":[{"href":"https:\/\/www.elsinodaldetamaulipas.com.mx\/index.php?rest_route=\/wp\/v2\/posts"}],"about":[{"href":"https:\/\/www.elsinodaldetamaulipas.com.mx\/index.php?rest_route=\/wp\/v2\/types\/post"}],"author":[{"embeddable":true,"href":"https:\/\/www.elsinodaldetamaulipas.com.mx\/index.php?rest_route=\/wp\/v2\/users\/1"}],"replies":[{"embeddable":true,"href":"https:\/\/www.elsinodaldetamaulipas.com.mx\/index.php?rest_route=%2Fwp%2Fv2%2Fcomments&post=185248"}],"version-history":[{"count":1,"href":"https:\/\/www.elsinodaldetamaulipas.com.mx\/index.php?rest_route=\/wp\/v2\/posts\/185248\/revisions"}],"predecessor-version":[{"id":185252,"href":"https:\/\/www.elsinodaldetamaulipas.com.mx\/index.php?rest_route=\/wp\/v2\/posts\/185248\/revisions\/185252"}],"wp:featuredmedia":[{"embeddable":true,"href":"https:\/\/www.elsinodaldetamaulipas.com.mx\/index.php?rest_route=\/wp\/v2\/media\/185251"}],"wp:attachment":[{"href":"https:\/\/www.elsinodaldetamaulipas.com.mx\/index.php?rest_route=%2Fwp%2Fv2%2Fmedia&parent=185248"}],"wp:term":[{"taxonomy":"category","embeddable":true,"href":"https:\/\/www.elsinodaldetamaulipas.com.mx\/index.php?rest_route=%2Fwp%2Fv2%2Fcategories&post=185248"},{"taxonomy":"post_tag","embeddable":true,"href":"https:\/\/www.elsinodaldetamaulipas.com.mx\/index.php?rest_route=%2Fwp%2Fv2%2Ftags&post=185248"}],"curies":[{"name":"wp","href":"https:\/\/api.w.org\/{rel}","templated":true}]}}