{"id":186064,"date":"2024-06-20T20:20:25","date_gmt":"2024-06-21T00:20:25","guid":{"rendered":"https:\/\/www.elsinodaldetamaulipas.com.mx\/?p=186064"},"modified":"2024-06-20T20:20:25","modified_gmt":"2024-06-21T00:20:25","slug":"sin-incidentes-mayores-hasta-hoy-por-alberto","status":"publish","type":"post","link":"https:\/\/www.elsinodaldetamaulipas.com.mx\/?p=186064","title":{"rendered":"SIN INCIDENTES MAYORES HASTA HOY, POR \u00abALBERTO\u00bb"},"content":{"rendered":"<p>Por Gil Vicente Galindo<br \/>\nEn Reynosa se reportan grandes cantidades de agua ante torrenciales lluvias provocadas por la tormenta tropical \u201cAlberto\u201d, pero gracias a medidas tomadas por el presidente municipal, licenciado Carlos Pe\u00f1a Ortiz y su equipo de colaboradores, no hay v\u00edctimas mortales.<br \/>\nLos encharcamientos e inundaciones generadas por las intensas lluvias fueron reportados en muchos sectores de la ciudad, sobre todo en los lugares tradicionales como en Fuente de Diana con Hidalgo, carretera a San Fernando a la altura de la Ju\u00e1rez y pasos a desnivel.<br \/>\nOtros sectores tambi\u00e9n reportaron encharcamientos, pero gracias a las medidas preventivas que tomo la presidencia municipal de desazolvar drenes y canales, as\u00ed como limpieza de rejillas del drenaje pluvial y sanitario, no hubo inundaciones de casas.<br \/>\nCuadrillas de servicios p\u00fablicos primarios realizaron una tit\u00e1nica labor a\u00fan, exponiendo su integridad f\u00edsica, lograron que el agua fluyera por sus cauces naturales y de esa manera no hubo muchos da\u00f1os en viviendas como en otras ocasiones.<br \/>\nPrecisamente el presidente municipal, licenciado Carlos Pe\u00f1a Ortiz, reconoce ese gran esfuerzo del personal de servicios p\u00fablicos primarios, de obras p\u00fablicas y de otras instancias, se ha logrado por el momento que haya saldo blanco en Reynosa.<\/p>\n","protected":false},"excerpt":{"rendered":"<p>Por Gil Vicente Galindo En Reynosa se reportan grandes cantidades de agua ante torrenciales lluvias provocadas por la tormenta tropical \u201cAlberto\u201d, pero gracias a medidas tomadas por el presidente municipal, licenciado Carlos Pe\u00f1a Ortiz y su equipo de colaboradores, no hay v\u00edctimas mortales. Los encharcamientos e inundaciones generadas por las intensas lluvias fueron reportados en [&hellip;]<\/p>\n","protected":false},"author":1,"featured_media":186065,"comment_status":"closed","ping_status":"closed","sticky":false,"template":"","format":"standard","meta":{"footnotes":""},"categories":[2],"tags":[],"class_list":["post-186064","post","type-post","status-publish","format-standard","has-post-thumbnail","hentry","category-reynosa"],"_links":{"self":[{"href":"https:\/\/www.elsinodaldetamaulipas.com.mx\/index.php?rest_route=\/wp\/v2\/posts\/186064","targetHints":{"allow":["GET"]}}],"collection":[{"href":"https:\/\/www.elsinodaldetamaulipas.com.mx\/index.php?rest_route=\/wp\/v2\/posts"}],"about":[{"href":"https:\/\/www.elsinodaldetamaulipas.com.mx\/index.php?rest_route=\/wp\/v2\/types\/post"}],"author":[{"embeddable":true,"href":"https:\/\/www.elsinodaldetamaulipas.com.mx\/index.php?rest_route=\/wp\/v2\/users\/1"}],"replies":[{"embeddable":true,"href":"https:\/\/www.elsinodaldetamaulipas.com.mx\/index.php?rest_route=%2Fwp%2Fv2%2Fcomments&post=186064"}],"version-history":[{"count":1,"href":"https:\/\/www.elsinodaldetamaulipas.com.mx\/index.php?rest_route=\/wp\/v2\/posts\/186064\/revisions"}],"predecessor-version":[{"id":186066,"href":"https:\/\/www.elsinodaldetamaulipas.com.mx\/index.php?rest_route=\/wp\/v2\/posts\/186064\/revisions\/186066"}],"wp:featuredmedia":[{"embeddable":true,"href":"https:\/\/www.elsinodaldetamaulipas.com.mx\/index.php?rest_route=\/wp\/v2\/media\/186065"}],"wp:attachment":[{"href":"https:\/\/www.elsinodaldetamaulipas.com.mx\/index.php?rest_route=%2Fwp%2Fv2%2Fmedia&parent=186064"}],"wp:term":[{"taxonomy":"category","embeddable":true,"href":"https:\/\/www.elsinodaldetamaulipas.com.mx\/index.php?rest_route=%2Fwp%2Fv2%2Fcategories&post=186064"},{"taxonomy":"post_tag","embeddable":true,"href":"https:\/\/www.elsinodaldetamaulipas.com.mx\/index.php?rest_route=%2Fwp%2Fv2%2Ftags&post=186064"}],"curies":[{"name":"wp","href":"https:\/\/api.w.org\/{rel}","templated":true}]}}