{"id":186593,"date":"2024-06-26T22:39:20","date_gmt":"2024-06-27T02:39:20","guid":{"rendered":"https:\/\/www.elsinodaldetamaulipas.com.mx\/?p=186593"},"modified":"2024-06-26T22:40:04","modified_gmt":"2024-06-27T02:40:04","slug":"proyectos-espaciales-tienen-futuro-promisorio","status":"publish","type":"post","link":"https:\/\/www.elsinodaldetamaulipas.com.mx\/?p=186593","title":{"rendered":"PROYECTOS ESPACIALES TIENEN FUTURO PROMISORIO"},"content":{"rendered":"<p>&nbsp;<\/p>\n<p>EL SINODAL DE TAMAULIPAS<br \/>\nReynosa, Tamaulipas.- Durante la sesi\u00f3n celebrada este mi\u00e9rcoles en el Congreso de Tamaulipas, el diputado por Movimiento Ciudadano Gustavo C\u00e1rdenas present\u00f3 una iniciativa de proyecto para que la actividad del turismo espacial sea promovida en la entidad.<\/p>\n<p>Ante el pleno el legislador naranja dio una breve rese\u00f1a de los antecedentes que ha tenido esta modalidad de turismo en el pa\u00eds, donde ha permitido emplear la ciencia y la tecnolog\u00eda, teniendo un impacto positivo en distintos rubros.<\/p>\n<p>C\u00e1rdenas Guti\u00e9rrez asegur\u00f3 que en un futuro cercano el turismo espacial se convertir\u00e1 en una realidad para muchas m\u00e1s personas gracias a varias tendencias en la industria espacial como son los cohetes y naves reutilizables, el desarrollo de naves m\u00e1s eficientes, el futuro emplazamiento de estaciones espaciales privadas.<\/p>\n<p>\u201cEs importante analizar que debido a nuestra cercan\u00eda con Estados Unidos y tener una extraordinaria ubicaci\u00f3n geogr\u00e1fica, cercana a Boca Chica, Texas con Matamoros lo que potencializa la posibilidad de sentar los cimientos de un Turismo Espacial que impulsando las distintas ramas de los sectores empresariales y con el apoyo del Gobierno del Estado\u201d.<\/p>\n<p>De esta manera Gustavo C\u00e1rdenas dio a conocer su intenci\u00f3n de sentar las bases ante la actual carencia de una regulaci\u00f3n espec\u00edfica sobre el Turismo Espacial, la cual ayudar\u00eda incrementar el desarrollo econ\u00f3mico de la regi\u00f3n y con ello la apertura de mayores fuentes laborales por lo que la propuesta legislativa fue presentada para su an\u00e1lisis procedente.<\/p>\n<p><img loading=\"lazy\" decoding=\"async\" class=\"aligncenter wp-image-186595 size-large\" src=\"https:\/\/www.elsinodaldetamaulipas.com.mx\/wp-content\/uploads\/2024\/06\/5614777a-12a9-4050-8c82-1ac05c617dac-1024x635.jpg\" alt=\"\" width=\"640\" height=\"397\" srcset=\"https:\/\/www.elsinodaldetamaulipas.com.mx\/wp-content\/uploads\/2024\/06\/5614777a-12a9-4050-8c82-1ac05c617dac-1024x635.jpg 1024w, https:\/\/www.elsinodaldetamaulipas.com.mx\/wp-content\/uploads\/2024\/06\/5614777a-12a9-4050-8c82-1ac05c617dac-300x186.jpg 300w, https:\/\/www.elsinodaldetamaulipas.com.mx\/wp-content\/uploads\/2024\/06\/5614777a-12a9-4050-8c82-1ac05c617dac-768x476.jpg 768w, https:\/\/www.elsinodaldetamaulipas.com.mx\/wp-content\/uploads\/2024\/06\/5614777a-12a9-4050-8c82-1ac05c617dac.jpg 1200w\" sizes=\"auto, (max-width: 640px) 100vw, 640px\" \/><\/p>\n","protected":false},"excerpt":{"rendered":"<p>&nbsp; EL SINODAL DE TAMAULIPAS Reynosa, Tamaulipas.- Durante la sesi\u00f3n celebrada este mi\u00e9rcoles en el Congreso de Tamaulipas, el diputado por Movimiento Ciudadano Gustavo C\u00e1rdenas present\u00f3 una iniciativa de proyecto para que la actividad del turismo espacial sea promovida en la entidad. Ante el pleno el legislador naranja dio una breve rese\u00f1a de los antecedentes [&hellip;]<\/p>\n","protected":false},"author":1,"featured_media":186594,"comment_status":"closed","ping_status":"closed","sticky":false,"template":"","format":"standard","meta":{"footnotes":""},"categories":[1,2],"tags":[],"class_list":["post-186593","post","type-post","status-publish","format-standard","has-post-thumbnail","hentry","category-portada","category-reynosa"],"_links":{"self":[{"href":"https:\/\/www.elsinodaldetamaulipas.com.mx\/index.php?rest_route=\/wp\/v2\/posts\/186593","targetHints":{"allow":["GET"]}}],"collection":[{"href":"https:\/\/www.elsinodaldetamaulipas.com.mx\/index.php?rest_route=\/wp\/v2\/posts"}],"about":[{"href":"https:\/\/www.elsinodaldetamaulipas.com.mx\/index.php?rest_route=\/wp\/v2\/types\/post"}],"author":[{"embeddable":true,"href":"https:\/\/www.elsinodaldetamaulipas.com.mx\/index.php?rest_route=\/wp\/v2\/users\/1"}],"replies":[{"embeddable":true,"href":"https:\/\/www.elsinodaldetamaulipas.com.mx\/index.php?rest_route=%2Fwp%2Fv2%2Fcomments&post=186593"}],"version-history":[{"count":2,"href":"https:\/\/www.elsinodaldetamaulipas.com.mx\/index.php?rest_route=\/wp\/v2\/posts\/186593\/revisions"}],"predecessor-version":[{"id":186597,"href":"https:\/\/www.elsinodaldetamaulipas.com.mx\/index.php?rest_route=\/wp\/v2\/posts\/186593\/revisions\/186597"}],"wp:featuredmedia":[{"embeddable":true,"href":"https:\/\/www.elsinodaldetamaulipas.com.mx\/index.php?rest_route=\/wp\/v2\/media\/186594"}],"wp:attachment":[{"href":"https:\/\/www.elsinodaldetamaulipas.com.mx\/index.php?rest_route=%2Fwp%2Fv2%2Fmedia&parent=186593"}],"wp:term":[{"taxonomy":"category","embeddable":true,"href":"https:\/\/www.elsinodaldetamaulipas.com.mx\/index.php?rest_route=%2Fwp%2Fv2%2Fcategories&post=186593"},{"taxonomy":"post_tag","embeddable":true,"href":"https:\/\/www.elsinodaldetamaulipas.com.mx\/index.php?rest_route=%2Fwp%2Fv2%2Ftags&post=186593"}],"curies":[{"name":"wp","href":"https:\/\/api.w.org\/{rel}","templated":true}]}}