{"id":186598,"date":"2024-06-26T22:41:54","date_gmt":"2024-06-27T02:41:54","guid":{"rendered":"https:\/\/www.elsinodaldetamaulipas.com.mx\/?p=186598"},"modified":"2024-06-26T22:41:54","modified_gmt":"2024-06-27T02:41:54","slug":"por-tentativa-de-homicidio-pagara-8-anos-de-carcel","status":"publish","type":"post","link":"https:\/\/www.elsinodaldetamaulipas.com.mx\/?p=186598","title":{"rendered":"POR TENTATIVA DE HOMICIDIO PAGAR\u00c1 8 A\u00d1OS DE C\u00c1RCEL"},"content":{"rendered":"<p>EL SINODAL DE TAMAULIPAS<br \/>\nCiudad Victoria, Tamaulipas. &#8211; El Agente del Ministerio P\u00fablico, de la Fiscal\u00eda General de Justicia del Estado de Tamaulipas, realiz\u00f3 las acciones jur\u00eddicas necesarias para que se emitiera sentencia de 8 a\u00f1os y 6 meses de prisi\u00f3n en contra de \u00d3scar Omar \u201cS\u201d por los delitos de Homicidio en Grado de Tentativa, Delitos Cometidos contra Servidores P\u00fablicos y Posesi\u00f3n de Veh\u00edculo Robado.<br \/>\nEl Tribunal de Enjuiciamiento dict\u00f3 la condena una vez que el Agente del Ministerio P\u00fablico acreditara de manera fehaciente los il\u00edcitos mencionados y la responsabilidad del hoy sentenciado, en los hechos registrados el 19 de agosto del a\u00f1o 2022 en la avenida Jos\u00e9 Sulaim\u00e1n Chagn\u00f3n de esta ciudad, cuando accion\u00f3 un arma de fuego en contra de elementos de la Polic\u00eda Investigaci\u00f3n, y se encontraba en posesi\u00f3n de un veh\u00edculo con reporte de robo.<br \/>\nLa Fiscal\u00eda General de Justicia del Estado de Tamaulipas refrenda su compromiso de no dejar impunes los delitos que atentan contra la vida y el patrimonio de los Tamaulipecos.<\/p>\n","protected":false},"excerpt":{"rendered":"<p>EL SINODAL DE TAMAULIPAS Ciudad Victoria, Tamaulipas. &#8211; El Agente del Ministerio P\u00fablico, de la Fiscal\u00eda General de Justicia del Estado de Tamaulipas, realiz\u00f3 las acciones jur\u00eddicas necesarias para que se emitiera sentencia de 8 a\u00f1os y 6 meses de prisi\u00f3n en contra de \u00d3scar Omar \u201cS\u201d por los delitos de Homicidio en Grado de [&hellip;]<\/p>\n","protected":false},"author":1,"featured_media":186599,"comment_status":"closed","ping_status":"closed","sticky":false,"template":"","format":"standard","meta":{"footnotes":""},"categories":[25],"tags":[],"class_list":["post-186598","post","type-post","status-publish","format-standard","has-post-thumbnail","hentry","category-leyyorden"],"_links":{"self":[{"href":"https:\/\/www.elsinodaldetamaulipas.com.mx\/index.php?rest_route=\/wp\/v2\/posts\/186598","targetHints":{"allow":["GET"]}}],"collection":[{"href":"https:\/\/www.elsinodaldetamaulipas.com.mx\/index.php?rest_route=\/wp\/v2\/posts"}],"about":[{"href":"https:\/\/www.elsinodaldetamaulipas.com.mx\/index.php?rest_route=\/wp\/v2\/types\/post"}],"author":[{"embeddable":true,"href":"https:\/\/www.elsinodaldetamaulipas.com.mx\/index.php?rest_route=\/wp\/v2\/users\/1"}],"replies":[{"embeddable":true,"href":"https:\/\/www.elsinodaldetamaulipas.com.mx\/index.php?rest_route=%2Fwp%2Fv2%2Fcomments&post=186598"}],"version-history":[{"count":1,"href":"https:\/\/www.elsinodaldetamaulipas.com.mx\/index.php?rest_route=\/wp\/v2\/posts\/186598\/revisions"}],"predecessor-version":[{"id":186600,"href":"https:\/\/www.elsinodaldetamaulipas.com.mx\/index.php?rest_route=\/wp\/v2\/posts\/186598\/revisions\/186600"}],"wp:featuredmedia":[{"embeddable":true,"href":"https:\/\/www.elsinodaldetamaulipas.com.mx\/index.php?rest_route=\/wp\/v2\/media\/186599"}],"wp:attachment":[{"href":"https:\/\/www.elsinodaldetamaulipas.com.mx\/index.php?rest_route=%2Fwp%2Fv2%2Fmedia&parent=186598"}],"wp:term":[{"taxonomy":"category","embeddable":true,"href":"https:\/\/www.elsinodaldetamaulipas.com.mx\/index.php?rest_route=%2Fwp%2Fv2%2Fcategories&post=186598"},{"taxonomy":"post_tag","embeddable":true,"href":"https:\/\/www.elsinodaldetamaulipas.com.mx\/index.php?rest_route=%2Fwp%2Fv2%2Ftags&post=186598"}],"curies":[{"name":"wp","href":"https:\/\/api.w.org\/{rel}","templated":true}]}}