{"id":187215,"date":"2024-07-07T21:35:51","date_gmt":"2024-07-08T01:35:51","guid":{"rendered":"https:\/\/www.elsinodaldetamaulipas.com.mx\/?p=187215"},"modified":"2024-07-07T21:35:51","modified_gmt":"2024-07-08T01:35:51","slug":"sencibilizan-para-atencion-de-victimas-del-delito","status":"publish","type":"post","link":"https:\/\/www.elsinodaldetamaulipas.com.mx\/?p=187215","title":{"rendered":"SENCIBILIZAN PARA ATENCI\u00d3N DE V\u00cdCTIMAS DEL DELITO"},"content":{"rendered":"<p>EL SINODAL DE TAMAULIPAS<br \/>\nCiudad Victoria, Tamaulipas. &#8211; La Fiscal\u00eda General de Justicia del Estado de Tamaulipas, en colaboraci\u00f3n con la Comisi\u00f3n de Derechos Humanos del Estado de Tamaulipas, capacit\u00f3 a las y los servidores p\u00fablicos en el tema \u201cSensibilizaci\u00f3n en Atenci\u00f3n a V\u00edctimas del Delito\u201d.<\/p>\n<p>La actividad acad\u00e9mica, desarrollada a trav\u00e9s la Direcci\u00f3n General de Formaci\u00f3n y Servicio Profesional de Carrera y en coordinaci\u00f3n con el Instituto de Formaci\u00f3n Profesional, fue impartida por el Maestro Arturo Muro Garc\u00eda, Visitador Adjunto, con el objetivo de fortalecer el respeto de los derechos humanos y la atenci\u00f3n integral de las v\u00edctimas de un delito a trav\u00e9s de la concientizaci\u00f3n y sensibilizaci\u00f3n de las y los servidores p\u00fablicos sobre la importancia de brindar una atenci\u00f3n de calidad y apego a los derechos humanos, privilegiando el derecho a la verdad y el derecho de acceso a la justicia.<\/p>\n<p>Con este tipo de acciones, la Fiscal\u00eda General de Justicia del Estado de Tamaulipas refrenda su compromiso de garantizar el acceso a la justicia, el debido proceso, la verdad y la reparaci\u00f3n del da\u00f1o, con respeto irrestricto a los Derechos Humanos.<br \/>\n<img loading=\"lazy\" decoding=\"async\" class=\"aligncenter wp-image-187217 size-full\" src=\"https:\/\/www.elsinodaldetamaulipas.com.mx\/wp-content\/uploads\/2024\/07\/be55ed38-9e7f-489f-8e05-f2c0a1afa063.jpg\" alt=\"\" width=\"491\" height=\"302\" srcset=\"https:\/\/www.elsinodaldetamaulipas.com.mx\/wp-content\/uploads\/2024\/07\/be55ed38-9e7f-489f-8e05-f2c0a1afa063.jpg 491w, https:\/\/www.elsinodaldetamaulipas.com.mx\/wp-content\/uploads\/2024\/07\/be55ed38-9e7f-489f-8e05-f2c0a1afa063-300x185.jpg 300w\" sizes=\"auto, (max-width: 491px) 100vw, 491px\" \/><\/p>\n","protected":false},"excerpt":{"rendered":"<p>EL SINODAL DE TAMAULIPAS Ciudad Victoria, Tamaulipas. &#8211; La Fiscal\u00eda General de Justicia del Estado de Tamaulipas, en colaboraci\u00f3n con la Comisi\u00f3n de Derechos Humanos del Estado de Tamaulipas, capacit\u00f3 a las y los servidores p\u00fablicos en el tema \u201cSensibilizaci\u00f3n en Atenci\u00f3n a V\u00edctimas del Delito\u201d. La actividad acad\u00e9mica, desarrollada a trav\u00e9s la Direcci\u00f3n General [&hellip;]<\/p>\n","protected":false},"author":1,"featured_media":187216,"comment_status":"closed","ping_status":"closed","sticky":false,"template":"","format":"standard","meta":{"footnotes":""},"categories":[25],"tags":[],"class_list":["post-187215","post","type-post","status-publish","format-standard","has-post-thumbnail","hentry","category-leyyorden"],"_links":{"self":[{"href":"https:\/\/www.elsinodaldetamaulipas.com.mx\/index.php?rest_route=\/wp\/v2\/posts\/187215","targetHints":{"allow":["GET"]}}],"collection":[{"href":"https:\/\/www.elsinodaldetamaulipas.com.mx\/index.php?rest_route=\/wp\/v2\/posts"}],"about":[{"href":"https:\/\/www.elsinodaldetamaulipas.com.mx\/index.php?rest_route=\/wp\/v2\/types\/post"}],"author":[{"embeddable":true,"href":"https:\/\/www.elsinodaldetamaulipas.com.mx\/index.php?rest_route=\/wp\/v2\/users\/1"}],"replies":[{"embeddable":true,"href":"https:\/\/www.elsinodaldetamaulipas.com.mx\/index.php?rest_route=%2Fwp%2Fv2%2Fcomments&post=187215"}],"version-history":[{"count":1,"href":"https:\/\/www.elsinodaldetamaulipas.com.mx\/index.php?rest_route=\/wp\/v2\/posts\/187215\/revisions"}],"predecessor-version":[{"id":187218,"href":"https:\/\/www.elsinodaldetamaulipas.com.mx\/index.php?rest_route=\/wp\/v2\/posts\/187215\/revisions\/187218"}],"wp:featuredmedia":[{"embeddable":true,"href":"https:\/\/www.elsinodaldetamaulipas.com.mx\/index.php?rest_route=\/wp\/v2\/media\/187216"}],"wp:attachment":[{"href":"https:\/\/www.elsinodaldetamaulipas.com.mx\/index.php?rest_route=%2Fwp%2Fv2%2Fmedia&parent=187215"}],"wp:term":[{"taxonomy":"category","embeddable":true,"href":"https:\/\/www.elsinodaldetamaulipas.com.mx\/index.php?rest_route=%2Fwp%2Fv2%2Fcategories&post=187215"},{"taxonomy":"post_tag","embeddable":true,"href":"https:\/\/www.elsinodaldetamaulipas.com.mx\/index.php?rest_route=%2Fwp%2Fv2%2Ftags&post=187215"}],"curies":[{"name":"wp","href":"https:\/\/api.w.org\/{rel}","templated":true}]}}