{"id":187688,"date":"2024-07-16T21:46:21","date_gmt":"2024-07-17T01:46:21","guid":{"rendered":"https:\/\/www.elsinodaldetamaulipas.com.mx\/?p=187688"},"modified":"2024-07-16T21:46:21","modified_gmt":"2024-07-17T01:46:21","slug":"desde-este-lunes-iniciaron-votaciones-de-telmex","status":"publish","type":"post","link":"https:\/\/www.elsinodaldetamaulipas.com.mx\/?p=187688","title":{"rendered":"DESDE ESTE LUNES INICIARON VOTACIONES DE TELMEX"},"content":{"rendered":"<p>Por Gil Vicente Galindo\/EL SINIODAL DE TAMAULIPAS<br \/>\nReynosa, Tam.- Miles de trabajadores activos y jubilados del Sindicato de Telefonistas de la Rep\u00fablica Mexicana, estar\u00e1n participando en este proceso interno donde se registr\u00f3 \u201cplanilla verde\u201d de los trabajadores encabezada por Francisco Hern\u00e1ndez Ju\u00e1rez.<br \/>\n\u201cDesde el pasado lunes 15 de julio iniciaron las votaciones en las 190 secciones del pa\u00eds, entre ellas la nuestra, la 45 con sede en esta ciudad de Reynosa\u201d, el l\u00edder Luis Tapia Hern\u00e1ndez.<br \/>\nEvento que ser\u00e1 supervisado por el Centro Federal de Conciliaci\u00f3n y Registro Laboral y el resultado lo dar\u00e1n en forma oficial los primeros d\u00edas de agosto.<br \/>\nEn esta ciudad de Reynosa iban a votar este lunes, martes y mi\u00e9rcoles, pero por motivos de agenda, se traslad\u00f3 para la pr\u00f3xima semana, es decir del lunes 22 al 24 de este mes de julio en horario de nueve a once de la ma\u00f1ana votaran trabajadores y trabajadoras de Frutico, revelo Luis Tapia.<br \/>\nEse mismo d\u00eda la urna electoral estar\u00e1 en la central \u201cMier\u201d de once y media de la ma\u00f1ana a una de la tarde y en la sede sindical de la colonia Ca\u00f1ada de tres a cinco de la tarde.<br \/>\nPara el martes la urna electoral estar\u00e1 disponible para recibir votos en la oficina de \u201cOccidental\u201d de nueve a diez de la ma\u00f1ana y de ah\u00ed a R\u00edo Bravo de once de la ma\u00f1ana a una de la tarde para nuevamente en el sindicato cerrar la jornada con un horario de tres a cinco de la tarde, a\u00f1adi\u00f3.<br \/>\nPara el mi\u00e9rcoles solo habr\u00e1 acci\u00f3n electoral en la sede sindical de la colonia Ca\u00f1ada desde nueve de la ma\u00f1ana a las doce del mediod\u00eda y m\u00e1s tarde de dos a cinco de la tarde, de antemano se sabe el resultado por hacer una sola planilla, comento el dirigente sindical, Luis Humberto Tapia Hern\u00e1ndez.<\/p>\n","protected":false},"excerpt":{"rendered":"<p>Por Gil Vicente Galindo\/EL SINIODAL DE TAMAULIPAS Reynosa, Tam.- Miles de trabajadores activos y jubilados del Sindicato de Telefonistas de la Rep\u00fablica Mexicana, estar\u00e1n participando en este proceso interno donde se registr\u00f3 \u201cplanilla verde\u201d de los trabajadores encabezada por Francisco Hern\u00e1ndez Ju\u00e1rez. \u201cDesde el pasado lunes 15 de julio iniciaron las votaciones en las 190 [&hellip;]<\/p>\n","protected":false},"author":1,"featured_media":187689,"comment_status":"closed","ping_status":"closed","sticky":false,"template":"","format":"standard","meta":{"footnotes":""},"categories":[1,2],"tags":[],"class_list":["post-187688","post","type-post","status-publish","format-standard","has-post-thumbnail","hentry","category-portada","category-reynosa"],"_links":{"self":[{"href":"https:\/\/www.elsinodaldetamaulipas.com.mx\/index.php?rest_route=\/wp\/v2\/posts\/187688","targetHints":{"allow":["GET"]}}],"collection":[{"href":"https:\/\/www.elsinodaldetamaulipas.com.mx\/index.php?rest_route=\/wp\/v2\/posts"}],"about":[{"href":"https:\/\/www.elsinodaldetamaulipas.com.mx\/index.php?rest_route=\/wp\/v2\/types\/post"}],"author":[{"embeddable":true,"href":"https:\/\/www.elsinodaldetamaulipas.com.mx\/index.php?rest_route=\/wp\/v2\/users\/1"}],"replies":[{"embeddable":true,"href":"https:\/\/www.elsinodaldetamaulipas.com.mx\/index.php?rest_route=%2Fwp%2Fv2%2Fcomments&post=187688"}],"version-history":[{"count":1,"href":"https:\/\/www.elsinodaldetamaulipas.com.mx\/index.php?rest_route=\/wp\/v2\/posts\/187688\/revisions"}],"predecessor-version":[{"id":187690,"href":"https:\/\/www.elsinodaldetamaulipas.com.mx\/index.php?rest_route=\/wp\/v2\/posts\/187688\/revisions\/187690"}],"wp:featuredmedia":[{"embeddable":true,"href":"https:\/\/www.elsinodaldetamaulipas.com.mx\/index.php?rest_route=\/wp\/v2\/media\/187689"}],"wp:attachment":[{"href":"https:\/\/www.elsinodaldetamaulipas.com.mx\/index.php?rest_route=%2Fwp%2Fv2%2Fmedia&parent=187688"}],"wp:term":[{"taxonomy":"category","embeddable":true,"href":"https:\/\/www.elsinodaldetamaulipas.com.mx\/index.php?rest_route=%2Fwp%2Fv2%2Fcategories&post=187688"},{"taxonomy":"post_tag","embeddable":true,"href":"https:\/\/www.elsinodaldetamaulipas.com.mx\/index.php?rest_route=%2Fwp%2Fv2%2Ftags&post=187688"}],"curies":[{"name":"wp","href":"https:\/\/api.w.org\/{rel}","templated":true}]}}