{"id":187691,"date":"2024-07-17T18:57:19","date_gmt":"2024-07-17T22:57:19","guid":{"rendered":"https:\/\/www.elsinodaldetamaulipas.com.mx\/?p=187691"},"modified":"2024-07-17T18:57:19","modified_gmt":"2024-07-17T22:57:19","slug":"habra-reacomodos-en-carteles-en-proximo-sexenio","status":"publish","type":"post","link":"https:\/\/www.elsinodaldetamaulipas.com.mx\/?p=187691","title":{"rendered":"HABR\u00c1 REACOMODOS EN C\u00c1RTELES EN PR\u00d3XIMO SEXENIO"},"content":{"rendered":"<p>Creen que el CJNG har\u00e1<br \/>\nalianza con Los Chapitos<\/p>\n<p>EL SINODAL DE TAMAUPAS<br \/>\nCiudad de M\u00e9xico.- Durante el gobierno del presidente Andr\u00e9s Manuel L\u00f3pez Obrador, el C\u00e1rtel de Sinaloa ha sufrido m\u00faltiples cambios significativos. Entre ellos destaca el crecimiento de la facci\u00f3n liderada por cuatro de los hijos de Joaqu\u00edn \u2018El Chapo\u2019 Guzm\u00e1n, mejor conocida como Los Chapitos. A escasos meses de que el primer sexenio de Morena llegue a su fin, surge la pregunta: \u00bfC\u00f3mo pinta el panorama para el ahora tr\u00edo de j\u00f3venes narcotraficantes durante la administraci\u00f3n de Claudia Sheinbaum Pardo, presidenta electa de M\u00e9xico?<br \/>\nCuando L\u00f3pez Obrador lleg\u00f3 a Palacio Nacional, Los Chapitos estaban por cumplir tres a\u00f1os al frente del C\u00e1rtel de Sinaloa; esto luego de que la tercera y \u00faltima captura de su padre en enero de 2016 los impulsara a asumir su liderazgo al frente de dicha organizaci\u00f3n criminal.<br \/>\nLos a\u00f1os pasaron y los hijos de Guzm\u00e1n Loera mantuvieron sus vidas en relativa secrec\u00eda; solo eran investigados por la Administraci\u00f3n de Control de Drogas (DEA, por sus siglas en ingl\u00e9s) y poco se sab\u00eda de ellos. Pero todo cambio el 17 de octubre de 2019, d\u00eda en el que el gobierno de L\u00f3pez Obrador captur\u00f3 a Ovidio Guzm\u00e1n L\u00f3pez, el menor del cuarteto, y pocas horas despu\u00e9s lo liber\u00f3. Para muchos expertos, ese fue el momento en el que la facci\u00f3n adquiri\u00f3 m\u00e1s poder.<br \/>\nHoy en d\u00eda, Los Chapitos son considerados el principal grupo criminal responsable de la epidemia de fentanilo en el pa\u00eds de las barras y estrellas, por lo que sus tres lideres \u2015Joaqu\u00edn Guzm\u00e1n L\u00f3pez, Iv\u00e1n Archivaldo y Jes\u00fas Alfredo Guzm\u00e1n Salazar\u2015 son buscados por el Departamento de Justicia. Por su parte, Ovidio se encuentra a la espera de su juicio en una prisi\u00f3n de Chicago, EEUU.<br \/>\nEn entrevista para INFOBAE M\u00c9XICO, el periodista Jos\u00e9 Luis Montenegro se\u00f1al\u00f3 que es altamente probable que durante la pr\u00f3xima administraci\u00f3n Los Chapitos consoliden a\u00fan m\u00e1s su poder, lo que podr\u00eda ocasionar que busquen el liderazgo total del C\u00e1rtel de Sinaloa o su conformaci\u00f3n como una organizaci\u00f3n completamente individual.<br \/>\nEsto debido a que, si bien los hijos de \u2018El Chapo\u2019 forman parte de la estructura central del tambi\u00e9n C\u00e1rtel del Pacifico, la facci\u00f3n que lideran es solo una de las tres que actualmente mantiene activa a la organizaci\u00f3n junto a Ismael \u2018El Mayo\u2019 Zambada y Aureliano Guzm\u00e1n Loera, \u2018El Guano\u2019, su t\u00edo.<br \/>\nEn palabras de la DEA, a este esquema se le denomina \u201cparaguas\u201d.<br \/>\n\u201cEl C\u00e1rtel de Sinaloa no tiene l\u00edder. En cambio, el \u2018paraguas\u2019 del c\u00e1rtel cubre cuatro organizaciones criminales separadas pero que cooperan. En teor\u00eda, esta estructura otorga a los jefes de los grupos independientes de narcotr\u00e1fico la capacidad de compartir recursos\u201d, se puede leer en su m\u00e1s reciente informe, Evaluaci\u00f3n Nacional de la Amenaza de las Drogas.<br \/>\nEn esa l\u00ednea, Montenegro refiere que la imagen de Iv\u00e1n Archivaldo, l\u00edder de Los Chapitos, podr\u00eda adquirir mayor notoriedad durante la administraci\u00f3n de Sheinbaum Pardo, lo que a su vez impulsar\u00eda el poder de la facci\u00f3n.<br \/>\n\u201cMi pron\u00f3stico es que se consolide la imagen de Iv\u00e1n Archivaldo como el l\u00edder de Los Chapitos, como la figura dominante del narcotr\u00e1fico mexicano\u201d, declar\u00f3 el comunicador, autor del libro Los chapitos radiograf\u00eda criminal de los herederos del C\u00e1rtel de Sinaloa.<br \/>\nPero eso no es todo.<br \/>\nMontenegro se\u00f1al\u00f3 la posibilidad de que en los pr\u00f3ximos seis a\u00f1os se consolide la imagen de un nuevo capo o alianza criminal.<br \/>\n\u201cMe parece que puede surgir, si es que (Nemesio Oseguera Cervantes) sigue vivo porque eso es una inc\u00f3gnita, el liderazgo de dos grupos fusionados: el C\u00e1rtel Jalisco Nueva Generaci\u00f3n (CJNG) con el c\u00e1rtel de Los Chapitos. Podr\u00edan hacer una alianza estrat\u00e9gica para conseguir m\u00e1s territorios en la Rep\u00fablica Mexicana, son los dos c\u00e1rteles que tienen mayor n\u00famero de plazas, mayor control pol\u00edtico, mayor poder econ\u00f3mico\u201d, extern\u00f3.<br \/>\n\u00bfY \u2018El Mayo\u2019 Zambada?<br \/>\nPor otra parte, Jos\u00e9 Luis Montenegro refiri\u00f3 que en el gobierno de la primera presidenta de M\u00e9xico se presentar\u00e1 la \u201dca\u00edda inminente\u201d de \u2018El Mayo\u2019 Zambada, cuya salud se ha visto mermada debido a su avanzada edad y enfermedades como la diabetes e hipertensi\u00f3n.<br \/>\n\u201cSe habla acerca de una lucha interna (&#8230;) por el control absoluto. Entonces de all\u00ed va a surgir un liderazgo nuevo, un personaje poderos\u00edsimo que no solo va a obtener la bendici\u00f3n del jefe m\u00e1ximo del C\u00e1rtel de Sinaloa, sino que va a empezar a operar de manera abierta y se va a volver evidentemente un objetivo n\u00famero uno de Estados Unidos. No quiero dar nombres, pero hay que estar muy atentos a esa facci\u00f3n\u201d, advirti\u00f3.<\/p>\n<p><img loading=\"lazy\" decoding=\"async\" class=\"aligncenter wp-image-187694 size-large\" src=\"https:\/\/www.elsinodaldetamaulipas.com.mx\/wp-content\/uploads\/2024\/07\/Messenger_creation_762766ad-cd14-4e61-b304-6e14c346b222-1024x335.jpeg\" alt=\"\" width=\"640\" height=\"209\" srcset=\"https:\/\/www.elsinodaldetamaulipas.com.mx\/wp-content\/uploads\/2024\/07\/Messenger_creation_762766ad-cd14-4e61-b304-6e14c346b222-1024x335.jpeg 1024w, https:\/\/www.elsinodaldetamaulipas.com.mx\/wp-content\/uploads\/2024\/07\/Messenger_creation_762766ad-cd14-4e61-b304-6e14c346b222-300x98.jpeg 300w, https:\/\/www.elsinodaldetamaulipas.com.mx\/wp-content\/uploads\/2024\/07\/Messenger_creation_762766ad-cd14-4e61-b304-6e14c346b222-768x251.jpeg 768w, https:\/\/www.elsinodaldetamaulipas.com.mx\/wp-content\/uploads\/2024\/07\/Messenger_creation_762766ad-cd14-4e61-b304-6e14c346b222.jpeg 1076w\" sizes=\"auto, (max-width: 640px) 100vw, 640px\" \/><\/p>\n","protected":false},"excerpt":{"rendered":"<p>Creen que el CJNG har\u00e1 alianza con Los Chapitos EL SINODAL DE TAMAUPAS Ciudad de M\u00e9xico.- Durante el gobierno del presidente Andr\u00e9s Manuel L\u00f3pez Obrador, el C\u00e1rtel de Sinaloa ha sufrido m\u00faltiples cambios significativos. Entre ellos destaca el crecimiento de la facci\u00f3n liderada por cuatro de los hijos de Joaqu\u00edn \u2018El Chapo\u2019 Guzm\u00e1n, mejor conocida [&hellip;]<\/p>\n","protected":false},"author":1,"featured_media":187695,"comment_status":"closed","ping_status":"closed","sticky":false,"template":"","format":"standard","meta":{"footnotes":""},"categories":[25],"tags":[],"class_list":["post-187691","post","type-post","status-publish","format-standard","has-post-thumbnail","hentry","category-leyyorden"],"_links":{"self":[{"href":"https:\/\/www.elsinodaldetamaulipas.com.mx\/index.php?rest_route=\/wp\/v2\/posts\/187691","targetHints":{"allow":["GET"]}}],"collection":[{"href":"https:\/\/www.elsinodaldetamaulipas.com.mx\/index.php?rest_route=\/wp\/v2\/posts"}],"about":[{"href":"https:\/\/www.elsinodaldetamaulipas.com.mx\/index.php?rest_route=\/wp\/v2\/types\/post"}],"author":[{"embeddable":true,"href":"https:\/\/www.elsinodaldetamaulipas.com.mx\/index.php?rest_route=\/wp\/v2\/users\/1"}],"replies":[{"embeddable":true,"href":"https:\/\/www.elsinodaldetamaulipas.com.mx\/index.php?rest_route=%2Fwp%2Fv2%2Fcomments&post=187691"}],"version-history":[{"count":1,"href":"https:\/\/www.elsinodaldetamaulipas.com.mx\/index.php?rest_route=\/wp\/v2\/posts\/187691\/revisions"}],"predecessor-version":[{"id":187696,"href":"https:\/\/www.elsinodaldetamaulipas.com.mx\/index.php?rest_route=\/wp\/v2\/posts\/187691\/revisions\/187696"}],"wp:featuredmedia":[{"embeddable":true,"href":"https:\/\/www.elsinodaldetamaulipas.com.mx\/index.php?rest_route=\/wp\/v2\/media\/187695"}],"wp:attachment":[{"href":"https:\/\/www.elsinodaldetamaulipas.com.mx\/index.php?rest_route=%2Fwp%2Fv2%2Fmedia&parent=187691"}],"wp:term":[{"taxonomy":"category","embeddable":true,"href":"https:\/\/www.elsinodaldetamaulipas.com.mx\/index.php?rest_route=%2Fwp%2Fv2%2Fcategories&post=187691"},{"taxonomy":"post_tag","embeddable":true,"href":"https:\/\/www.elsinodaldetamaulipas.com.mx\/index.php?rest_route=%2Fwp%2Fv2%2Ftags&post=187691"}],"curies":[{"name":"wp","href":"https:\/\/api.w.org\/{rel}","templated":true}]}}