{"id":187877,"date":"2024-07-21T20:18:02","date_gmt":"2024-07-22T00:18:02","guid":{"rendered":"https:\/\/www.elsinodaldetamaulipas.com.mx\/?p=187877"},"modified":"2024-07-21T20:18:02","modified_gmt":"2024-07-22T00:18:02","slug":"dictan-privacion-de-libertad-contra-rocacoches","status":"publish","type":"post","link":"https:\/\/www.elsinodaldetamaulipas.com.mx\/?p=187877","title":{"rendered":"DICTAN PRIVACI\u00d3N DE LIBERTAD CONTRA ROCACOCHES"},"content":{"rendered":"<p>EL SINODAL DE TAMAULIPAS<br \/>\nReynosa, Tamaulipas.- La Fiscal\u00eda General de Justicia del Estado de Tamaulipas informa que, el Agente del Ministerio P\u00fablico obtuvo pena privativa de la libertad de 3 a\u00f1os y 6 meses de prisi\u00f3n en contra de Aurelio \u201cM\u201d por el delito de Posesi\u00f3n de Veh\u00edculo Robado.<br \/>\nUn Tribunal de Enjuiciamiento dict\u00f3 la condena, despu\u00e9s de que el Representante Social present\u00f3 elementos que acreditaron la responsabilidad del hoy sentenciado en el citado delito, ocurrido el 13 de septiembre del 2023, sobre el bulevar Oriente en la colonia Ampliaci\u00f3n Delicias de este municipio, cuando agentes de la Polic\u00eda de Investigaci\u00f3n realizaron la detenci\u00f3n.<br \/>\nLa Fiscal\u00eda General de Justicia del Estado de Tamaulipas refrenda su compromiso de no permitir impunidad a quienes atentan contra el patrimonio de las familias tamaulipecas.<\/p>\n","protected":false},"excerpt":{"rendered":"<p>EL SINODAL DE TAMAULIPAS Reynosa, Tamaulipas.- La Fiscal\u00eda General de Justicia del Estado de Tamaulipas informa que, el Agente del Ministerio P\u00fablico obtuvo pena privativa de la libertad de 3 a\u00f1os y 6 meses de prisi\u00f3n en contra de Aurelio \u201cM\u201d por el delito de Posesi\u00f3n de Veh\u00edculo Robado. Un Tribunal de Enjuiciamiento dict\u00f3 la [&hellip;]<\/p>\n","protected":false},"author":1,"featured_media":187865,"comment_status":"closed","ping_status":"closed","sticky":false,"template":"","format":"standard","meta":{"footnotes":""},"categories":[25],"tags":[],"class_list":["post-187877","post","type-post","status-publish","format-standard","has-post-thumbnail","hentry","category-leyyorden"],"_links":{"self":[{"href":"https:\/\/www.elsinodaldetamaulipas.com.mx\/index.php?rest_route=\/wp\/v2\/posts\/187877","targetHints":{"allow":["GET"]}}],"collection":[{"href":"https:\/\/www.elsinodaldetamaulipas.com.mx\/index.php?rest_route=\/wp\/v2\/posts"}],"about":[{"href":"https:\/\/www.elsinodaldetamaulipas.com.mx\/index.php?rest_route=\/wp\/v2\/types\/post"}],"author":[{"embeddable":true,"href":"https:\/\/www.elsinodaldetamaulipas.com.mx\/index.php?rest_route=\/wp\/v2\/users\/1"}],"replies":[{"embeddable":true,"href":"https:\/\/www.elsinodaldetamaulipas.com.mx\/index.php?rest_route=%2Fwp%2Fv2%2Fcomments&post=187877"}],"version-history":[{"count":1,"href":"https:\/\/www.elsinodaldetamaulipas.com.mx\/index.php?rest_route=\/wp\/v2\/posts\/187877\/revisions"}],"predecessor-version":[{"id":187878,"href":"https:\/\/www.elsinodaldetamaulipas.com.mx\/index.php?rest_route=\/wp\/v2\/posts\/187877\/revisions\/187878"}],"wp:featuredmedia":[{"embeddable":true,"href":"https:\/\/www.elsinodaldetamaulipas.com.mx\/index.php?rest_route=\/wp\/v2\/media\/187865"}],"wp:attachment":[{"href":"https:\/\/www.elsinodaldetamaulipas.com.mx\/index.php?rest_route=%2Fwp%2Fv2%2Fmedia&parent=187877"}],"wp:term":[{"taxonomy":"category","embeddable":true,"href":"https:\/\/www.elsinodaldetamaulipas.com.mx\/index.php?rest_route=%2Fwp%2Fv2%2Fcategories&post=187877"},{"taxonomy":"post_tag","embeddable":true,"href":"https:\/\/www.elsinodaldetamaulipas.com.mx\/index.php?rest_route=%2Fwp%2Fv2%2Ftags&post=187877"}],"curies":[{"name":"wp","href":"https:\/\/api.w.org\/{rel}","templated":true}]}}