{"id":189625,"date":"2024-08-27T18:03:07","date_gmt":"2024-08-27T22:03:07","guid":{"rendered":"https:\/\/www.elsinodaldetamaulipas.com.mx\/?p=189625"},"modified":"2024-08-27T18:03:07","modified_gmt":"2024-08-27T22:03:07","slug":"localizan-mas-restos-humanos-en-intenso-recorrido","status":"publish","type":"post","link":"https:\/\/www.elsinodaldetamaulipas.com.mx\/?p=189625","title":{"rendered":"LOCALIZAN MAS RESTOS HUMANOS EN INTENSO RECORRIDO"},"content":{"rendered":"<p>Colectivo \u201cAmor por los Desaparecidos\u201d<br \/>\nRealiza hallazgo en Nuevo Progres, Tam.<\/p>\n<p>Por Julio Manuel Loya Guzm\u00e1n\/EL SINODAL DE TAMAULIPAS<br \/>\nReynosa, Tamaulipas.- Por segundo d\u00eda consecutivo, el Colectivo Amor por los Desaparecidos localiz\u00f3 otro campo de exterminio humano, esta vez en una construcci\u00f3n abandonada a un costado de la carretera Nuevo Progreso-Matamoros.<\/p>\n<p>Edith Gonz\u00e1lez, presidenta del colectivo, inform\u00f3 que este es el segundo hallazgo de un sitio de exterminio en lo que va de la semana, elevando este a\u00f1o a 16 el n\u00famero de estas llamadas \u2018cocinas clandestinas\u2019 descubiertas en la frontera de Tamaulipas.<\/p>\n<p>Este hallazgo se realiz\u00f3 en una casa abandonada en la zona lim\u00edtrofe entre Matamoros y R\u00edo Bravo, donde se encontraron cientos de fragmentos de restos humanos calcinados.<\/p>\n<p>Se presume que la propiedad tambi\u00e9n era utilizada como campo de entrenamiento por el crimen organizado, debido a la presencia de blancos de tiro marcados en las paredes y m\u00faltiples impactos de armas de fuego de alto calibre.<\/p>\n<p>En el lugar se hallaron casquillos percutidos, balas de rifles de alto poder, tambos donde aparentemente se incineraban a las v\u00edctimas, y prendas de vestir con rastros de sangre.<\/p>\n<p>Gonz\u00e1lez tambi\u00e9n se\u00f1al\u00f3 que este sitio de exterminio se encuentra a cinco kil\u00f3metros de otro hallazgo similar realizado el lunes 26 de agosto, donde igualmente se encontraron restos humanos calcinados.<\/p>\n<p>La presidenta del colectivo inst\u00f3 a las autoridades a actuar r\u00e1pidamente en el procesamiento de los restos y reiter\u00f3 su denuncia sobre la falta de apoyo por parte de las autoridades municipales en la b\u00fasqueda de personas desaparecidas.<\/p>\n<p>Hasta la fecha, las madres buscadoras contin\u00faan siendo respaldadas en sus labores por la Comisi\u00f3n Estatal de B\u00fasqueda de Personas Desaparecidas, la CNDH, el Ej\u00e9rcito Mexicano, la Guardia Nacional y la Guardia Estatal<\/p>\n<p><img loading=\"lazy\" decoding=\"async\" class=\"aligncenter wp-image-189627 size-large\" src=\"https:\/\/www.elsinodaldetamaulipas.com.mx\/wp-content\/uploads\/2024\/08\/IMG-20240827-WA0153-1024x768.jpg\" alt=\"\" width=\"640\" height=\"480\" srcset=\"https:\/\/www.elsinodaldetamaulipas.com.mx\/wp-content\/uploads\/2024\/08\/IMG-20240827-WA0153-1024x768.jpg 1024w, https:\/\/www.elsinodaldetamaulipas.com.mx\/wp-content\/uploads\/2024\/08\/IMG-20240827-WA0153-300x225.jpg 300w, https:\/\/www.elsinodaldetamaulipas.com.mx\/wp-content\/uploads\/2024\/08\/IMG-20240827-WA0153-768x576.jpg 768w, https:\/\/www.elsinodaldetamaulipas.com.mx\/wp-content\/uploads\/2024\/08\/IMG-20240827-WA0153-1536x1153.jpg 1536w, https:\/\/www.elsinodaldetamaulipas.com.mx\/wp-content\/uploads\/2024\/08\/IMG-20240827-WA0153-272x204.jpg 272w, https:\/\/www.elsinodaldetamaulipas.com.mx\/wp-content\/uploads\/2024\/08\/IMG-20240827-WA0153.jpg 1599w\" sizes=\"auto, (max-width: 640px) 100vw, 640px\" \/><\/p>\n<p><img loading=\"lazy\" decoding=\"async\" class=\"wp-image-189628 size-large alignnone\" src=\"https:\/\/www.elsinodaldetamaulipas.com.mx\/wp-content\/uploads\/2024\/08\/IMG-20240827-WA0152-768x1024.jpg\" alt=\"\" width=\"640\" height=\"853\" srcset=\"https:\/\/www.elsinodaldetamaulipas.com.mx\/wp-content\/uploads\/2024\/08\/IMG-20240827-WA0152-768x1023.jpg 768w, https:\/\/www.elsinodaldetamaulipas.com.mx\/wp-content\/uploads\/2024\/08\/IMG-20240827-WA0152-225x300.jpg 225w, https:\/\/www.elsinodaldetamaulipas.com.mx\/wp-content\/uploads\/2024\/08\/IMG-20240827-WA0152-1153x1536.jpg 1153w, https:\/\/www.elsinodaldetamaulipas.com.mx\/wp-content\/uploads\/2024\/08\/IMG-20240827-WA0152.jpg 1200w\" sizes=\"auto, (max-width: 640px) 100vw, 640px\" \/><\/p>\n<p><img loading=\"lazy\" decoding=\"async\" class=\"aligncenter wp-image-189629 size-large\" src=\"https:\/\/www.elsinodaldetamaulipas.com.mx\/wp-content\/uploads\/2024\/08\/IMG-20240827-WA0151-768x1024.jpg\" alt=\"\" width=\"640\" height=\"853\" srcset=\"https:\/\/www.elsinodaldetamaulipas.com.mx\/wp-content\/uploads\/2024\/08\/IMG-20240827-WA0151-768x1023.jpg 768w, https:\/\/www.elsinodaldetamaulipas.com.mx\/wp-content\/uploads\/2024\/08\/IMG-20240827-WA0151-225x300.jpg 225w, https:\/\/www.elsinodaldetamaulipas.com.mx\/wp-content\/uploads\/2024\/08\/IMG-20240827-WA0151-1153x1536.jpg 1153w, https:\/\/www.elsinodaldetamaulipas.com.mx\/wp-content\/uploads\/2024\/08\/IMG-20240827-WA0151.jpg 1200w\" sizes=\"auto, (max-width: 640px) 100vw, 640px\" \/><\/p>\n<p><img loading=\"lazy\" decoding=\"async\" class=\"aligncenter wp-image-189630 size-large\" src=\"https:\/\/www.elsinodaldetamaulipas.com.mx\/wp-content\/uploads\/2024\/08\/IMG-20240827-WA0150-768x1024.jpg\" alt=\"\" width=\"640\" height=\"853\" srcset=\"https:\/\/www.elsinodaldetamaulipas.com.mx\/wp-content\/uploads\/2024\/08\/IMG-20240827-WA0150-768x1023.jpg 768w, https:\/\/www.elsinodaldetamaulipas.com.mx\/wp-content\/uploads\/2024\/08\/IMG-20240827-WA0150-225x300.jpg 225w, https:\/\/www.elsinodaldetamaulipas.com.mx\/wp-content\/uploads\/2024\/08\/IMG-20240827-WA0150-1153x1536.jpg 1153w, https:\/\/www.elsinodaldetamaulipas.com.mx\/wp-content\/uploads\/2024\/08\/IMG-20240827-WA0150.jpg 1200w\" sizes=\"auto, (max-width: 640px) 100vw, 640px\" \/><\/p>\n","protected":false},"excerpt":{"rendered":"<p>Colectivo \u201cAmor por los Desaparecidos\u201d Realiza hallazgo en Nuevo Progres, Tam. Por Julio Manuel Loya Guzm\u00e1n\/EL SINODAL DE TAMAULIPAS Reynosa, Tamaulipas.- Por segundo d\u00eda consecutivo, el Colectivo Amor por los Desaparecidos localiz\u00f3 otro campo de exterminio humano, esta vez en una construcci\u00f3n abandonada a un costado de la carretera Nuevo Progreso-Matamoros. Edith Gonz\u00e1lez, presidenta del [&hellip;]<\/p>\n","protected":false},"author":1,"featured_media":189626,"comment_status":"closed","ping_status":"closed","sticky":false,"template":"","format":"standard","meta":{"footnotes":""},"categories":[25],"tags":[],"class_list":["post-189625","post","type-post","status-publish","format-standard","has-post-thumbnail","hentry","category-leyyorden"],"_links":{"self":[{"href":"https:\/\/www.elsinodaldetamaulipas.com.mx\/index.php?rest_route=\/wp\/v2\/posts\/189625","targetHints":{"allow":["GET"]}}],"collection":[{"href":"https:\/\/www.elsinodaldetamaulipas.com.mx\/index.php?rest_route=\/wp\/v2\/posts"}],"about":[{"href":"https:\/\/www.elsinodaldetamaulipas.com.mx\/index.php?rest_route=\/wp\/v2\/types\/post"}],"author":[{"embeddable":true,"href":"https:\/\/www.elsinodaldetamaulipas.com.mx\/index.php?rest_route=\/wp\/v2\/users\/1"}],"replies":[{"embeddable":true,"href":"https:\/\/www.elsinodaldetamaulipas.com.mx\/index.php?rest_route=%2Fwp%2Fv2%2Fcomments&post=189625"}],"version-history":[{"count":1,"href":"https:\/\/www.elsinodaldetamaulipas.com.mx\/index.php?rest_route=\/wp\/v2\/posts\/189625\/revisions"}],"predecessor-version":[{"id":189631,"href":"https:\/\/www.elsinodaldetamaulipas.com.mx\/index.php?rest_route=\/wp\/v2\/posts\/189625\/revisions\/189631"}],"wp:featuredmedia":[{"embeddable":true,"href":"https:\/\/www.elsinodaldetamaulipas.com.mx\/index.php?rest_route=\/wp\/v2\/media\/189626"}],"wp:attachment":[{"href":"https:\/\/www.elsinodaldetamaulipas.com.mx\/index.php?rest_route=%2Fwp%2Fv2%2Fmedia&parent=189625"}],"wp:term":[{"taxonomy":"category","embeddable":true,"href":"https:\/\/www.elsinodaldetamaulipas.com.mx\/index.php?rest_route=%2Fwp%2Fv2%2Fcategories&post=189625"},{"taxonomy":"post_tag","embeddable":true,"href":"https:\/\/www.elsinodaldetamaulipas.com.mx\/index.php?rest_route=%2Fwp%2Fv2%2Ftags&post=189625"}],"curies":[{"name":"wp","href":"https:\/\/api.w.org\/{rel}","templated":true}]}}