{"id":190124,"date":"2024-09-05T22:51:18","date_gmt":"2024-09-06T02:51:18","guid":{"rendered":"https:\/\/www.elsinodaldetamaulipas.com.mx\/?p=190124"},"modified":"2024-09-05T22:51:18","modified_gmt":"2024-09-06T02:51:18","slug":"otro-plagiario-fronterizo-vinculado-a-proceso","status":"publish","type":"post","link":"https:\/\/www.elsinodaldetamaulipas.com.mx\/?p=190124","title":{"rendered":"OTRO PLAGIARIO FRONTERIZO VINCULADO A PROCESO"},"content":{"rendered":"<p>EL SINODAL DE TAMAULIPAS<br \/>\nMatamoros, Tamaulipas.\u2013 La Fiscal\u00eda General de Justicia del Estado de Tamaulipas informa que, el Agente del Ministerio P\u00fablico, adscrito a la Unidad Especializada en Combate al Secuestro (UECS), obtuvo la vinculaci\u00f3n a proceso de Juan Manuel \u201cD\u201d por el delito de Secuestro Agravado.<br \/>\nUn Juez de Control emiti\u00f3 la resoluci\u00f3n despu\u00e9s de que el Representante Social presentara elementos de prueba que acreditan la probable participaci\u00f3n del imputado, en el citado delito, registrado el d\u00eda 19 de diciembre de 2017, en el poniente de este municipio.<br \/>\nCon este tipo de acciones, la Fiscal\u00eda General de Justicia del Estado de Tamaulipas refrenda su compromiso de utilizar los medios jur\u00eddicos a su alcance para llevar ante la justicia a todos aquellos que atenten contra el patrimonio, la libertad y la integridad de los tamaulipecos.<\/p>\n","protected":false},"excerpt":{"rendered":"<p>EL SINODAL DE TAMAULIPAS Matamoros, Tamaulipas.\u2013 La Fiscal\u00eda General de Justicia del Estado de Tamaulipas informa que, el Agente del Ministerio P\u00fablico, adscrito a la Unidad Especializada en Combate al Secuestro (UECS), obtuvo la vinculaci\u00f3n a proceso de Juan Manuel \u201cD\u201d por el delito de Secuestro Agravado. Un Juez de Control emiti\u00f3 la resoluci\u00f3n despu\u00e9s [&hellip;]<\/p>\n","protected":false},"author":1,"featured_media":190112,"comment_status":"closed","ping_status":"closed","sticky":false,"template":"","format":"standard","meta":{"footnotes":""},"categories":[25],"tags":[],"class_list":["post-190124","post","type-post","status-publish","format-standard","has-post-thumbnail","hentry","category-leyyorden"],"_links":{"self":[{"href":"https:\/\/www.elsinodaldetamaulipas.com.mx\/index.php?rest_route=\/wp\/v2\/posts\/190124","targetHints":{"allow":["GET"]}}],"collection":[{"href":"https:\/\/www.elsinodaldetamaulipas.com.mx\/index.php?rest_route=\/wp\/v2\/posts"}],"about":[{"href":"https:\/\/www.elsinodaldetamaulipas.com.mx\/index.php?rest_route=\/wp\/v2\/types\/post"}],"author":[{"embeddable":true,"href":"https:\/\/www.elsinodaldetamaulipas.com.mx\/index.php?rest_route=\/wp\/v2\/users\/1"}],"replies":[{"embeddable":true,"href":"https:\/\/www.elsinodaldetamaulipas.com.mx\/index.php?rest_route=%2Fwp%2Fv2%2Fcomments&post=190124"}],"version-history":[{"count":1,"href":"https:\/\/www.elsinodaldetamaulipas.com.mx\/index.php?rest_route=\/wp\/v2\/posts\/190124\/revisions"}],"predecessor-version":[{"id":190125,"href":"https:\/\/www.elsinodaldetamaulipas.com.mx\/index.php?rest_route=\/wp\/v2\/posts\/190124\/revisions\/190125"}],"wp:featuredmedia":[{"embeddable":true,"href":"https:\/\/www.elsinodaldetamaulipas.com.mx\/index.php?rest_route=\/wp\/v2\/media\/190112"}],"wp:attachment":[{"href":"https:\/\/www.elsinodaldetamaulipas.com.mx\/index.php?rest_route=%2Fwp%2Fv2%2Fmedia&parent=190124"}],"wp:term":[{"taxonomy":"category","embeddable":true,"href":"https:\/\/www.elsinodaldetamaulipas.com.mx\/index.php?rest_route=%2Fwp%2Fv2%2Fcategories&post=190124"},{"taxonomy":"post_tag","embeddable":true,"href":"https:\/\/www.elsinodaldetamaulipas.com.mx\/index.php?rest_route=%2Fwp%2Fv2%2Ftags&post=190124"}],"curies":[{"name":"wp","href":"https:\/\/api.w.org\/{rel}","templated":true}]}}