{"id":190164,"date":"2024-09-06T21:07:13","date_gmt":"2024-09-07T01:07:13","guid":{"rendered":"https:\/\/www.elsinodaldetamaulipas.com.mx\/?p=190164"},"modified":"2024-09-06T21:07:13","modified_gmt":"2024-09-07T01:07:13","slug":"alerta-smn-por-primer-evento-de-norte-y-mas-lluvias-para-tamaulipas","status":"publish","type":"post","link":"https:\/\/www.elsinodaldetamaulipas.com.mx\/?p=190164","title":{"rendered":"Alerta SMN por primer evento de \u00abnorte\u00bb y m\u00e1s lluvias para Tamaulipas."},"content":{"rendered":"<p>&nbsp;<\/p>\n<p>* El frente No. 1 ser\u00e1 reforzado por una nueva masa de aire fr\u00edo que interaccionar\u00e1 con la onda tropical 21, y una zona de baja presi\u00f3n con probabilidad de desarrollo cicl\u00f3nico.<\/p>\n<p>Por Julio Manuel Loya Guzm\u00e1n<br \/>\nReynosa, Tamaulipas.- El Servicio Meteorol\u00f3gico Nacional (SMN) alert\u00f3 sobre el primer evento de \u00abNorte\u00bb que afectar\u00e1 desde este viernes a las costas de Tamaulipas, y sobre m\u00e1s lluvias fuertes puntuales que se extender\u00e1n hasta el pr\u00f3ximo lunes 9 de septiembre, en la mayor parte de la entidad.<\/p>\n<p>Revel\u00f3 que el primer evento de \u00abnorte\u00bb de la temporada en Tamaulipas, es debido a la interacci\u00f3n del frente fr\u00edo No. 1, con una masa de aire fr\u00edo, la onda tropical 21, y una zona de baja presi\u00f3n que viene con potencial cicl\u00f3nico.<\/p>\n<p>Inform\u00f3, que para este viernes 6 de septiembre, dichos fen\u00f3menos, propiciar\u00e1n lluvias puntuales intensas (de 75 a 150 mil\u00edmetros [mm]) en regiones de Tamaulipas, Hidalgo, Puebla, Quer\u00e9taro, San Luis Potos\u00ed, y Veracruz, siendo fuertes (de 25 a 50 mm) en Nuevo Le\u00f3n.<\/p>\n<p>Indic\u00f3, que el frente fr\u00edo No. 1, ser\u00e1 reforzado por una nueva masa de aire fr\u00edo y se desplazar\u00e1 sobre las costas de Tamaulipas y Veracruz. La masa de aire fr\u00edo originar\u00e1 el primer evento de \u201cNorte\u201d en el Golfo de M\u00e9xico, con rachas de viento de 50 a 70 km\/h en las costas de tamaulipecas, adem\u00e1s de un refrescamiento de temperaturas y bancos de niebla en los estados del noreste, centro, oriente y sureste del territorio nacional.<\/p>\n<p>El pr\u00f3ximo s\u00e1bado y domingo, se extender\u00e1 desde el noreste del golfo de M\u00e9xico hasta Veracruz, continuar\u00e1 interaccionando con la onda tropical No. 21, que llegar\u00e1 al sureste del territorio nacional, en asociaci\u00f3n con una zona de baja presi\u00f3n con probabilidad para desarrollo cicl\u00f3nico sobre el sur del golfo de M\u00e9xico.<\/p>\n<p>Lo anterior producir\u00e1 m\u00e1s lluvias intensas a puntuales torrenciales en Puebla, Veracruz, Oaxaca, Chiapas y Tabasco, y lluvias intensas en Tamaulipas, San Luis Potos\u00ed, Hidalgo, Campeche y Yucat\u00e1n.<\/p>\n<p>Lluvias muy fuertes en Quintana Roo, lluvias fuertes en Quer\u00e9taro, Ciudad de M\u00e9xico, Tlaxcala y Morelos, y chubascos en Coahuila y Nuevo Le\u00f3n; mismas que podr\u00edan generar encharcamientos, crecida de r\u00edos, deslaves, derrumbes o inundaciones.<\/p>\n<p>La masa de aire fr\u00edo que impulsa al frente, generar\u00e1 bancos de niebla en el noreste, centro y oriente del pa\u00eds, y el evento de \u201cNorte\u201d con rachas de 60 a 80 km\/h, oleaje de 2 a 3 m de altura y posible formaci\u00f3n de trombas marinas en costas de Tamaulipas y Veracruz, adem\u00e1s de rachas de 40 a 60 km\/h en el istmo de Tehuantepec.<\/p>\n<p>Por lo anterior, el Servicio Meteorol\u00f3gico Nacional, emiti\u00f3 una alerta a los sistemas de Protecci\u00f3n Civil, para alertar y desplegar acciones que protejan a la poblaci\u00f3n vulnerable de las entidades antes mencionadas.<\/p>\n<p><img loading=\"lazy\" decoding=\"async\" class=\"aligncenter wp-image-190166 size-full\" src=\"https:\/\/www.elsinodaldetamaulipas.com.mx\/wp-content\/uploads\/2024\/09\/IMG-20240906-WA0121.jpg\" alt=\"\" width=\"634\" height=\"557\" srcset=\"https:\/\/www.elsinodaldetamaulipas.com.mx\/wp-content\/uploads\/2024\/09\/IMG-20240906-WA0121.jpg 634w, https:\/\/www.elsinodaldetamaulipas.com.mx\/wp-content\/uploads\/2024\/09\/IMG-20240906-WA0121-300x264.jpg 300w\" sizes=\"auto, (max-width: 634px) 100vw, 634px\" \/><\/p>\n<p><img loading=\"lazy\" decoding=\"async\" class=\"aligncenter wp-image-190167 size-full\" src=\"https:\/\/www.elsinodaldetamaulipas.com.mx\/wp-content\/uploads\/2024\/09\/IMG-20240906-WA0120.jpg\" alt=\"\" width=\"657\" height=\"721\" srcset=\"https:\/\/www.elsinodaldetamaulipas.com.mx\/wp-content\/uploads\/2024\/09\/IMG-20240906-WA0120.jpg 657w, https:\/\/www.elsinodaldetamaulipas.com.mx\/wp-content\/uploads\/2024\/09\/IMG-20240906-WA0120-273x300.jpg 273w\" sizes=\"auto, (max-width: 657px) 100vw, 657px\" \/><\/p>\n","protected":false},"excerpt":{"rendered":"<p>&nbsp; * El frente No. 1 ser\u00e1 reforzado por una nueva masa de aire fr\u00edo que interaccionar\u00e1 con la onda tropical 21, y una zona de baja presi\u00f3n con probabilidad de desarrollo cicl\u00f3nico. Por Julio Manuel Loya Guzm\u00e1n Reynosa, Tamaulipas.- El Servicio Meteorol\u00f3gico Nacional (SMN) alert\u00f3 sobre el primer evento de \u00abNorte\u00bb que afectar\u00e1 desde [&hellip;]<\/p>\n","protected":false},"author":1,"featured_media":190165,"comment_status":"closed","ping_status":"closed","sticky":false,"template":"","format":"standard","meta":{"footnotes":""},"categories":[2],"tags":[],"class_list":["post-190164","post","type-post","status-publish","format-standard","has-post-thumbnail","hentry","category-reynosa"],"_links":{"self":[{"href":"https:\/\/www.elsinodaldetamaulipas.com.mx\/index.php?rest_route=\/wp\/v2\/posts\/190164","targetHints":{"allow":["GET"]}}],"collection":[{"href":"https:\/\/www.elsinodaldetamaulipas.com.mx\/index.php?rest_route=\/wp\/v2\/posts"}],"about":[{"href":"https:\/\/www.elsinodaldetamaulipas.com.mx\/index.php?rest_route=\/wp\/v2\/types\/post"}],"author":[{"embeddable":true,"href":"https:\/\/www.elsinodaldetamaulipas.com.mx\/index.php?rest_route=\/wp\/v2\/users\/1"}],"replies":[{"embeddable":true,"href":"https:\/\/www.elsinodaldetamaulipas.com.mx\/index.php?rest_route=%2Fwp%2Fv2%2Fcomments&post=190164"}],"version-history":[{"count":1,"href":"https:\/\/www.elsinodaldetamaulipas.com.mx\/index.php?rest_route=\/wp\/v2\/posts\/190164\/revisions"}],"predecessor-version":[{"id":190168,"href":"https:\/\/www.elsinodaldetamaulipas.com.mx\/index.php?rest_route=\/wp\/v2\/posts\/190164\/revisions\/190168"}],"wp:featuredmedia":[{"embeddable":true,"href":"https:\/\/www.elsinodaldetamaulipas.com.mx\/index.php?rest_route=\/wp\/v2\/media\/190165"}],"wp:attachment":[{"href":"https:\/\/www.elsinodaldetamaulipas.com.mx\/index.php?rest_route=%2Fwp%2Fv2%2Fmedia&parent=190164"}],"wp:term":[{"taxonomy":"category","embeddable":true,"href":"https:\/\/www.elsinodaldetamaulipas.com.mx\/index.php?rest_route=%2Fwp%2Fv2%2Fcategories&post=190164"},{"taxonomy":"post_tag","embeddable":true,"href":"https:\/\/www.elsinodaldetamaulipas.com.mx\/index.php?rest_route=%2Fwp%2Fv2%2Ftags&post=190164"}],"curies":[{"name":"wp","href":"https:\/\/api.w.org\/{rel}","templated":true}]}}