{"id":190169,"date":"2024-09-06T21:17:49","date_gmt":"2024-09-07T01:17:49","guid":{"rendered":"https:\/\/www.elsinodaldetamaulipas.com.mx\/?p=190169"},"modified":"2024-09-06T21:17:49","modified_gmt":"2024-09-07T01:17:49","slug":"fue-la-uttn-sede-de-reunion-regional-de-vinculacion-del-tipo-superior","status":"publish","type":"post","link":"https:\/\/www.elsinodaldetamaulipas.com.mx\/?p=190169","title":{"rendered":"FUE LA UTTN SEDE DE REUNI\u00d3N REGIONAL DE VINCULACI\u00d3N DEL TIPO SUPERIOR"},"content":{"rendered":"<p>Evento Organizado por la Subsecretar\u00eda de Educaci\u00f3n Media Superior y Superior, con el objetivo de promover la formaci\u00f3n de profesionistas altamente calificados<\/p>\n<p>Reynosa, Tamaulipas. \u2013\u00a0la Universidad Tecnol\u00f3gica de Tamaulipas Norte, que dirige el Rector Mtro. Edgar Garza Hern\u00e1ndez, fue sede de la Reuni\u00f3n Regional de Vinculaci\u00f3n del Tipo Superior, evento organizado y presidido por el Subsecretario de Educaci\u00f3n Media Superior y Superior, Dr. Guadalupe Acosta Villarreal.<\/p>\n<p>Dicho evento tuvo como objetivo fortalecer la vinculaci\u00f3n entre el sector educativo, empresarial y gubernamental para promover la formaci\u00f3n de profesionales altamente calificados que respondan a las demandas actuales del mercado laboral y contribuyan al desarrollo econ\u00f3mico y social del Estado de Tamaulipas.<\/p>\n<p>Correspondi\u00f3 al Rector de la UTTN, Mtro. Edgar Garza Hern\u00e1ndez, dar el mensaje de bienvenida, recalcando que la vinculaci\u00f3n de la educaci\u00f3n media superior y superior con las empresas de la regi\u00f3n es crucial, la cual permite que los programas educativos se ajusten a las necesidades y demandas actuales del mercado laboral, asegurando que los estudiantes adquieran habilidades y conocimientos relevantes.<\/p>\n<p>Adem\u00e1s, subray\u00f3 la importancia de cooperaci\u00f3n que debe existir entre instituciones educativas, sector productivo y gobierno, que coadyuven al impulso de proyectos conjuntos, investigaciones y desarrollos innovadores que benefician, tanto a la academia, como a la industria.<\/p>\n<p>El Subsecretario de Educaci\u00f3n Media Superior y Superior, Dr. Guadalupe Acosta Villarreal, expuso que con estas acciones su busca conocer el camino que se tiene que transitar para mejorar el sistema educativo de Tamaulipas y lograr la visi\u00f3n educativa que impulsa el Gobernador Dr. Am\u00e9rico Villarreal Anaya, donde se cumplan con los principios de bienestar, v\u00e1lido, pertinente y humano.<\/p>\n<p>Del mismo modo, fortalecer la formaci\u00f3n de los estudiantes, la transmisi\u00f3n de conocimientos y pertinencia de programas educativos para lograr que de las universidades egresen las y los mejores profesionistas, que cuenten con las capacidades y el compromiso de enfrentar los retos del sector productivo.<\/p>\n<p>Participaron como ponentes, la Directora de Educaci\u00f3n Superior, Mtra. Ana Isabel Lerma Gonz\u00e1lez, quien expuso los Avances y Experiencias de la Educaci\u00f3n Dual; el Director de Formaci\u00f3n y Superaci\u00f3n Profesional Docente, Mtro. Jos\u00e9 Arturo Chong Hern\u00e1ndez, Perfil de ingreso deseado para la Educaci\u00f3n Superior.<\/p>\n<p>Tambi\u00e9n, el Coordinador de Vinculaci\u00f3n y Difusi\u00f3n de la Subsecretar\u00eda de Educaci\u00f3n Media Superior y Superior, el Dr. H\u00e9ctor Manuel Hern\u00e1ndez Navarro, a quien le correspondi\u00f3 presentar el tema del Perfil Deseable de los Profesionistas en las Empresas; la Subsecretaria para la Peque\u00f1a y Mediana Empresa de la Secretar\u00eda de Econom\u00eda, Ing. Mariana \u00c1lvarez Quero, quien habl\u00f3 de la Econom\u00eda Social y Solidaria.<\/p>\n<p>Tambi\u00e9n estuvieron presentes, como invitados especiales: el Director de Educaci\u00f3n Media Superior, Mtro. Gil Marcelino Aguilar Cuesta; la Gerente de RH de EMERSON Lic. Lydia de la Cruz; la Gerente de RH de MASTER BRAND, Ing. Melissa Vargas Barr\u00f3n; la Directora de RH de EATON, Ing. Nataly L\u00f3pez; el Director de Econom\u00eda del Bienestar, Lic. Ernesto Guevara Garza; el Director de Programas y Proyectos para Empresas en Crecimiento, Ing. Humberto Jasso Guerrero; el Secretario de Desarrollo Econ\u00f3mico y del Empleo de Reynosa, Lic. Mauricio Trevi\u00f1o Garza y el Director de Vinculaci\u00f3n de la UTTN, Dr. Ricardo Javier V\u00e1squez Serrano.<\/p>\n<p>As\u00ed como, el Director del Instituto Tecnol\u00f3gico de Reynosa (ITR), Mtro. Ludovico Hern\u00e1ndez Aguilar; la Subdirectora de Planeaci\u00f3n y Vinculaci\u00f3n del ITR, Mtra. Teresa de Jes\u00fas S\u00e1nchez P\u00e9rez; el Rector de la Universidad Tamaulipeca, Dr. Oscar W. Aguilera Rodr\u00edguez y la Directora de la UPN 285 Reynosa.<\/p>\n<p><img loading=\"lazy\" decoding=\"async\" class=\"aligncenter wp-image-190171 size-large\" src=\"https:\/\/www.elsinodaldetamaulipas.com.mx\/wp-content\/uploads\/2024\/09\/IMG-20240906-WA0151-1024x681.jpg\" alt=\"\" width=\"640\" height=\"426\" srcset=\"https:\/\/www.elsinodaldetamaulipas.com.mx\/wp-content\/uploads\/2024\/09\/IMG-20240906-WA0151-1024x681.jpg 1024w, https:\/\/www.elsinodaldetamaulipas.com.mx\/wp-content\/uploads\/2024\/09\/IMG-20240906-WA0151-300x200.jpg 300w, https:\/\/www.elsinodaldetamaulipas.com.mx\/wp-content\/uploads\/2024\/09\/IMG-20240906-WA0151-768x511.jpg 768w, https:\/\/www.elsinodaldetamaulipas.com.mx\/wp-content\/uploads\/2024\/09\/IMG-20240906-WA0151-1536x1021.jpg 1536w, https:\/\/www.elsinodaldetamaulipas.com.mx\/wp-content\/uploads\/2024\/09\/IMG-20240906-WA0151.jpg 1600w\" sizes=\"auto, (max-width: 640px) 100vw, 640px\" \/><\/p>\n<p><img loading=\"lazy\" decoding=\"async\" class=\"aligncenter wp-image-190172 size-large\" src=\"https:\/\/www.elsinodaldetamaulipas.com.mx\/wp-content\/uploads\/2024\/09\/IMG-20240906-WA0150-1024x681.jpg\" alt=\"\" width=\"640\" height=\"426\" srcset=\"https:\/\/www.elsinodaldetamaulipas.com.mx\/wp-content\/uploads\/2024\/09\/IMG-20240906-WA0150-1024x681.jpg 1024w, https:\/\/www.elsinodaldetamaulipas.com.mx\/wp-content\/uploads\/2024\/09\/IMG-20240906-WA0150-300x200.jpg 300w, https:\/\/www.elsinodaldetamaulipas.com.mx\/wp-content\/uploads\/2024\/09\/IMG-20240906-WA0150-768x511.jpg 768w, https:\/\/www.elsinodaldetamaulipas.com.mx\/wp-content\/uploads\/2024\/09\/IMG-20240906-WA0150-1536x1021.jpg 1536w, https:\/\/www.elsinodaldetamaulipas.com.mx\/wp-content\/uploads\/2024\/09\/IMG-20240906-WA0150.jpg 1600w\" sizes=\"auto, (max-width: 640px) 100vw, 640px\" \/><\/p>\n<p><img loading=\"lazy\" decoding=\"async\" class=\"aligncenter wp-image-190173 size-large\" src=\"https:\/\/www.elsinodaldetamaulipas.com.mx\/wp-content\/uploads\/2024\/09\/IMG-20240906-WA0147-1024x681.jpg\" alt=\"\" width=\"640\" height=\"426\" srcset=\"https:\/\/www.elsinodaldetamaulipas.com.mx\/wp-content\/uploads\/2024\/09\/IMG-20240906-WA0147-1024x681.jpg 1024w, https:\/\/www.elsinodaldetamaulipas.com.mx\/wp-content\/uploads\/2024\/09\/IMG-20240906-WA0147-300x200.jpg 300w, https:\/\/www.elsinodaldetamaulipas.com.mx\/wp-content\/uploads\/2024\/09\/IMG-20240906-WA0147-768x511.jpg 768w, https:\/\/www.elsinodaldetamaulipas.com.mx\/wp-content\/uploads\/2024\/09\/IMG-20240906-WA0147-1536x1021.jpg 1536w, https:\/\/www.elsinodaldetamaulipas.com.mx\/wp-content\/uploads\/2024\/09\/IMG-20240906-WA0147.jpg 1600w\" sizes=\"auto, (max-width: 640px) 100vw, 640px\" \/><\/p>\n<p><img loading=\"lazy\" decoding=\"async\" class=\"aligncenter wp-image-190174 size-large\" src=\"https:\/\/www.elsinodaldetamaulipas.com.mx\/wp-content\/uploads\/2024\/09\/IMG-20240906-WA0148-1024x681.jpg\" alt=\"\" width=\"640\" height=\"426\" srcset=\"https:\/\/www.elsinodaldetamaulipas.com.mx\/wp-content\/uploads\/2024\/09\/IMG-20240906-WA0148-1024x681.jpg 1024w, https:\/\/www.elsinodaldetamaulipas.com.mx\/wp-content\/uploads\/2024\/09\/IMG-20240906-WA0148-300x200.jpg 300w, https:\/\/www.elsinodaldetamaulipas.com.mx\/wp-content\/uploads\/2024\/09\/IMG-20240906-WA0148-768x511.jpg 768w, https:\/\/www.elsinodaldetamaulipas.com.mx\/wp-content\/uploads\/2024\/09\/IMG-20240906-WA0148-1536x1021.jpg 1536w, https:\/\/www.elsinodaldetamaulipas.com.mx\/wp-content\/uploads\/2024\/09\/IMG-20240906-WA0148.jpg 1600w\" sizes=\"auto, (max-width: 640px) 100vw, 640px\" \/><\/p>\n<p><img loading=\"lazy\" decoding=\"async\" class=\"aligncenter wp-image-190175 size-large\" src=\"https:\/\/www.elsinodaldetamaulipas.com.mx\/wp-content\/uploads\/2024\/09\/IMG-20240906-WA0149-1024x681.jpg\" alt=\"\" width=\"640\" height=\"426\" srcset=\"https:\/\/www.elsinodaldetamaulipas.com.mx\/wp-content\/uploads\/2024\/09\/IMG-20240906-WA0149-1024x681.jpg 1024w, https:\/\/www.elsinodaldetamaulipas.com.mx\/wp-content\/uploads\/2024\/09\/IMG-20240906-WA0149-300x200.jpg 300w, https:\/\/www.elsinodaldetamaulipas.com.mx\/wp-content\/uploads\/2024\/09\/IMG-20240906-WA0149-768x511.jpg 768w, https:\/\/www.elsinodaldetamaulipas.com.mx\/wp-content\/uploads\/2024\/09\/IMG-20240906-WA0149-1536x1021.jpg 1536w, https:\/\/www.elsinodaldetamaulipas.com.mx\/wp-content\/uploads\/2024\/09\/IMG-20240906-WA0149.jpg 1600w\" sizes=\"auto, (max-width: 640px) 100vw, 640px\" \/><\/p>\n<p><img loading=\"lazy\" decoding=\"async\" class=\"aligncenter wp-image-190176 size-large\" src=\"https:\/\/www.elsinodaldetamaulipas.com.mx\/wp-content\/uploads\/2024\/09\/IMG-20240906-WA0143-1024x681.jpg\" alt=\"\" width=\"640\" height=\"426\" srcset=\"https:\/\/www.elsinodaldetamaulipas.com.mx\/wp-content\/uploads\/2024\/09\/IMG-20240906-WA0143-1024x681.jpg 1024w, https:\/\/www.elsinodaldetamaulipas.com.mx\/wp-content\/uploads\/2024\/09\/IMG-20240906-WA0143-300x200.jpg 300w, https:\/\/www.elsinodaldetamaulipas.com.mx\/wp-content\/uploads\/2024\/09\/IMG-20240906-WA0143-768x511.jpg 768w, https:\/\/www.elsinodaldetamaulipas.com.mx\/wp-content\/uploads\/2024\/09\/IMG-20240906-WA0143-1536x1021.jpg 1536w, https:\/\/www.elsinodaldetamaulipas.com.mx\/wp-content\/uploads\/2024\/09\/IMG-20240906-WA0143.jpg 1600w\" sizes=\"auto, (max-width: 640px) 100vw, 640px\" \/><\/p>\n<p><img loading=\"lazy\" decoding=\"async\" class=\"aligncenter wp-image-190177 size-large\" src=\"https:\/\/www.elsinodaldetamaulipas.com.mx\/wp-content\/uploads\/2024\/09\/IMG-20240906-WA0146-1024x681.jpg\" alt=\"\" width=\"640\" height=\"426\" srcset=\"https:\/\/www.elsinodaldetamaulipas.com.mx\/wp-content\/uploads\/2024\/09\/IMG-20240906-WA0146-1024x681.jpg 1024w, https:\/\/www.elsinodaldetamaulipas.com.mx\/wp-content\/uploads\/2024\/09\/IMG-20240906-WA0146-300x200.jpg 300w, https:\/\/www.elsinodaldetamaulipas.com.mx\/wp-content\/uploads\/2024\/09\/IMG-20240906-WA0146-768x511.jpg 768w, https:\/\/www.elsinodaldetamaulipas.com.mx\/wp-content\/uploads\/2024\/09\/IMG-20240906-WA0146-1536x1021.jpg 1536w, https:\/\/www.elsinodaldetamaulipas.com.mx\/wp-content\/uploads\/2024\/09\/IMG-20240906-WA0146.jpg 1600w\" sizes=\"auto, (max-width: 640px) 100vw, 640px\" \/><\/p>\n<p><img loading=\"lazy\" decoding=\"async\" class=\"aligncenter wp-image-190178 size-large\" src=\"https:\/\/www.elsinodaldetamaulipas.com.mx\/wp-content\/uploads\/2024\/09\/IMG-20240906-WA0144-1024x681.jpg\" alt=\"\" width=\"640\" height=\"426\" srcset=\"https:\/\/www.elsinodaldetamaulipas.com.mx\/wp-content\/uploads\/2024\/09\/IMG-20240906-WA0144-1024x681.jpg 1024w, https:\/\/www.elsinodaldetamaulipas.com.mx\/wp-content\/uploads\/2024\/09\/IMG-20240906-WA0144-300x200.jpg 300w, https:\/\/www.elsinodaldetamaulipas.com.mx\/wp-content\/uploads\/2024\/09\/IMG-20240906-WA0144-768x511.jpg 768w, https:\/\/www.elsinodaldetamaulipas.com.mx\/wp-content\/uploads\/2024\/09\/IMG-20240906-WA0144-1536x1021.jpg 1536w, https:\/\/www.elsinodaldetamaulipas.com.mx\/wp-content\/uploads\/2024\/09\/IMG-20240906-WA0144.jpg 1600w\" sizes=\"auto, (max-width: 640px) 100vw, 640px\" \/><\/p>\n<p><img loading=\"lazy\" decoding=\"async\" class=\"aligncenter wp-image-190179 size-large\" src=\"https:\/\/www.elsinodaldetamaulipas.com.mx\/wp-content\/uploads\/2024\/09\/IMG-20240906-WA0145-1024x681.jpg\" alt=\"\" width=\"640\" height=\"426\" srcset=\"https:\/\/www.elsinodaldetamaulipas.com.mx\/wp-content\/uploads\/2024\/09\/IMG-20240906-WA0145-1024x681.jpg 1024w, https:\/\/www.elsinodaldetamaulipas.com.mx\/wp-content\/uploads\/2024\/09\/IMG-20240906-WA0145-300x200.jpg 300w, https:\/\/www.elsinodaldetamaulipas.com.mx\/wp-content\/uploads\/2024\/09\/IMG-20240906-WA0145-768x511.jpg 768w, https:\/\/www.elsinodaldetamaulipas.com.mx\/wp-content\/uploads\/2024\/09\/IMG-20240906-WA0145-1536x1021.jpg 1536w, https:\/\/www.elsinodaldetamaulipas.com.mx\/wp-content\/uploads\/2024\/09\/IMG-20240906-WA0145.jpg 1600w\" sizes=\"auto, (max-width: 640px) 100vw, 640px\" \/><\/p>\n","protected":false},"excerpt":{"rendered":"<p>Evento Organizado por la Subsecretar\u00eda de Educaci\u00f3n Media Superior y Superior, con el objetivo de promover la formaci\u00f3n de profesionistas altamente calificados Reynosa, Tamaulipas. \u2013\u00a0la Universidad Tecnol\u00f3gica de Tamaulipas Norte, que dirige el Rector Mtro. Edgar Garza Hern\u00e1ndez, fue sede de la Reuni\u00f3n Regional de Vinculaci\u00f3n del Tipo Superior, evento organizado y presidido por el [&hellip;]<\/p>\n","protected":false},"author":1,"featured_media":190170,"comment_status":"closed","ping_status":"closed","sticky":false,"template":"","format":"standard","meta":{"footnotes":""},"categories":[2],"tags":[],"class_list":["post-190169","post","type-post","status-publish","format-standard","has-post-thumbnail","hentry","category-reynosa"],"_links":{"self":[{"href":"https:\/\/www.elsinodaldetamaulipas.com.mx\/index.php?rest_route=\/wp\/v2\/posts\/190169","targetHints":{"allow":["GET"]}}],"collection":[{"href":"https:\/\/www.elsinodaldetamaulipas.com.mx\/index.php?rest_route=\/wp\/v2\/posts"}],"about":[{"href":"https:\/\/www.elsinodaldetamaulipas.com.mx\/index.php?rest_route=\/wp\/v2\/types\/post"}],"author":[{"embeddable":true,"href":"https:\/\/www.elsinodaldetamaulipas.com.mx\/index.php?rest_route=\/wp\/v2\/users\/1"}],"replies":[{"embeddable":true,"href":"https:\/\/www.elsinodaldetamaulipas.com.mx\/index.php?rest_route=%2Fwp%2Fv2%2Fcomments&post=190169"}],"version-history":[{"count":1,"href":"https:\/\/www.elsinodaldetamaulipas.com.mx\/index.php?rest_route=\/wp\/v2\/posts\/190169\/revisions"}],"predecessor-version":[{"id":190180,"href":"https:\/\/www.elsinodaldetamaulipas.com.mx\/index.php?rest_route=\/wp\/v2\/posts\/190169\/revisions\/190180"}],"wp:featuredmedia":[{"embeddable":true,"href":"https:\/\/www.elsinodaldetamaulipas.com.mx\/index.php?rest_route=\/wp\/v2\/media\/190170"}],"wp:attachment":[{"href":"https:\/\/www.elsinodaldetamaulipas.com.mx\/index.php?rest_route=%2Fwp%2Fv2%2Fmedia&parent=190169"}],"wp:term":[{"taxonomy":"category","embeddable":true,"href":"https:\/\/www.elsinodaldetamaulipas.com.mx\/index.php?rest_route=%2Fwp%2Fv2%2Fcategories&post=190169"},{"taxonomy":"post_tag","embeddable":true,"href":"https:\/\/www.elsinodaldetamaulipas.com.mx\/index.php?rest_route=%2Fwp%2Fv2%2Ftags&post=190169"}],"curies":[{"name":"wp","href":"https:\/\/api.w.org\/{rel}","templated":true}]}}