{"id":190457,"date":"2024-09-10T22:55:16","date_gmt":"2024-09-11T02:55:16","guid":{"rendered":"https:\/\/www.elsinodaldetamaulipas.com.mx\/?p=190457"},"modified":"2024-09-10T22:55:16","modified_gmt":"2024-09-11T02:55:16","slug":"capacitan-a-investigadores-de-delitos-contra-ninos","status":"publish","type":"post","link":"https:\/\/www.elsinodaldetamaulipas.com.mx\/?p=190457","title":{"rendered":"CAPACITAN A INVESTIGADORES DE DELITOS CONTRA NI\u00d1OS"},"content":{"rendered":"<p>&nbsp;<\/p>\n<p>EL SINODAL DE TAMAULIPAS<br \/>\nCiudad Victoria, Tamaulipas.- La Fiscal\u00eda General de Justicia del Estado de Tamaulipas, a trav\u00e9s de la Direcci\u00f3n General de Formaci\u00f3n y Servicio Profesional de Carrera, en coordinaci\u00f3n con el Instituto de Formaci\u00f3n Profesional, capacit\u00f3 al personal sustantivo de la Fiscal\u00eda Especializada en la Investigaci\u00f3n de Delitos contra Ni\u00f1as, Ni\u00f1os y Adolescentes y Delitos Contra las Mujeres por Razones de G\u00e9nero (FENNAM), con el curso denominado \u201cProtocolos de atenci\u00f3n a ni\u00f1as, ni\u00f1os y adolescentes y protocolo para juzgar con perspectiva de g\u00e9nero\u201d.<\/p>\n<p>La actividad acad\u00e9mica se llev\u00f3 a cabo con el objetivo de reafirmar los conocimientos de las y los servidores p\u00fablicos respecto al uso de los diversos protocolos, se\u00f1al\u00e1ndolos como las herramientas jur\u00eddicas que establecen los procedimientos para desarrollar una buena actuaci\u00f3n en casos concernientes a la impartici\u00f3n y procuraci\u00f3n de justicia para ni\u00f1as, ni\u00f1os y adolescentes desde un enfoque diferenciado, protegiendo en todo momento el inter\u00e9s superior de la ni\u00f1ez y la aplicaci\u00f3n de la perspectiva de g\u00e9nero.<\/p>\n<p>Con la implementaci\u00f3n de estas actividades, la Fiscal\u00eda General de Justicia del Estado de Tamaulipas refrenda su compromiso de contar con servidoras y servidores p\u00fablicos capacitados para continuar ofreciendo un servicio de calidad a favor de la sociedad.<br \/>\n&#8212;-<\/p>\n","protected":false},"excerpt":{"rendered":"<p>&nbsp; EL SINODAL DE TAMAULIPAS Ciudad Victoria, Tamaulipas.- La Fiscal\u00eda General de Justicia del Estado de Tamaulipas, a trav\u00e9s de la Direcci\u00f3n General de Formaci\u00f3n y Servicio Profesional de Carrera, en coordinaci\u00f3n con el Instituto de Formaci\u00f3n Profesional, capacit\u00f3 al personal sustantivo de la Fiscal\u00eda Especializada en la Investigaci\u00f3n de Delitos contra Ni\u00f1as, Ni\u00f1os y [&hellip;]<\/p>\n","protected":false},"author":1,"featured_media":190458,"comment_status":"closed","ping_status":"closed","sticky":false,"template":"","format":"standard","meta":{"footnotes":""},"categories":[25],"tags":[],"class_list":["post-190457","post","type-post","status-publish","format-standard","has-post-thumbnail","hentry","category-leyyorden"],"_links":{"self":[{"href":"https:\/\/www.elsinodaldetamaulipas.com.mx\/index.php?rest_route=\/wp\/v2\/posts\/190457","targetHints":{"allow":["GET"]}}],"collection":[{"href":"https:\/\/www.elsinodaldetamaulipas.com.mx\/index.php?rest_route=\/wp\/v2\/posts"}],"about":[{"href":"https:\/\/www.elsinodaldetamaulipas.com.mx\/index.php?rest_route=\/wp\/v2\/types\/post"}],"author":[{"embeddable":true,"href":"https:\/\/www.elsinodaldetamaulipas.com.mx\/index.php?rest_route=\/wp\/v2\/users\/1"}],"replies":[{"embeddable":true,"href":"https:\/\/www.elsinodaldetamaulipas.com.mx\/index.php?rest_route=%2Fwp%2Fv2%2Fcomments&post=190457"}],"version-history":[{"count":1,"href":"https:\/\/www.elsinodaldetamaulipas.com.mx\/index.php?rest_route=\/wp\/v2\/posts\/190457\/revisions"}],"predecessor-version":[{"id":190461,"href":"https:\/\/www.elsinodaldetamaulipas.com.mx\/index.php?rest_route=\/wp\/v2\/posts\/190457\/revisions\/190461"}],"wp:featuredmedia":[{"embeddable":true,"href":"https:\/\/www.elsinodaldetamaulipas.com.mx\/index.php?rest_route=\/wp\/v2\/media\/190458"}],"wp:attachment":[{"href":"https:\/\/www.elsinodaldetamaulipas.com.mx\/index.php?rest_route=%2Fwp%2Fv2%2Fmedia&parent=190457"}],"wp:term":[{"taxonomy":"category","embeddable":true,"href":"https:\/\/www.elsinodaldetamaulipas.com.mx\/index.php?rest_route=%2Fwp%2Fv2%2Fcategories&post=190457"},{"taxonomy":"post_tag","embeddable":true,"href":"https:\/\/www.elsinodaldetamaulipas.com.mx\/index.php?rest_route=%2Fwp%2Fv2%2Ftags&post=190457"}],"curies":[{"name":"wp","href":"https:\/\/api.w.org\/{rel}","templated":true}]}}