{"id":190462,"date":"2024-09-10T22:56:05","date_gmt":"2024-09-11T02:56:05","guid":{"rendered":"https:\/\/www.elsinodaldetamaulipas.com.mx\/?p=190462"},"modified":"2024-09-10T22:56:05","modified_gmt":"2024-09-11T02:56:05","slug":"indiciado-se-quedara-preso-por-graves-delitos","status":"publish","type":"post","link":"https:\/\/www.elsinodaldetamaulipas.com.mx\/?p=190462","title":{"rendered":"INDICIADO SE QUEDAR\u00c1 PRESO POR GRAVES DELITOS"},"content":{"rendered":"<p>EL SINODAL DE TAMAULIPAS<br \/>\nReynosa, Tamaulipas.- La Fiscal\u00eda General de Justicia del Estado de Tamaulipas informa que, el Agente del Ministerio P\u00fablico obtuvo 18 a\u00f1os de pena privativa de la libertad en contra de Ulises \u201cQ\u201d por los delitos de Robo Domiciliario con Violencia y Extorsi\u00f3n Agravada.<br \/>\nUn Tribunal de Juicio Oral emiti\u00f3 la condena despu\u00e9s de que el Representante Social present\u00f3 elementos que acreditaron la responsabilidad del hoy sentenciado en los citados delitos, registrados el 08 de noviembre del 2022, en la colonia El Maestro de esta ciudad.<br \/>\nAdem\u00e1s, la autoridad judicial estableci\u00f3 que Ulises \u201cQ\u201d, deber\u00e1 realizar el pago de 51 mil, 766.36 pesos por concepto de multa.<br \/>\nLa Fiscal\u00eda General de Justicia del Estado de Tamaulipas trabaja para perseguir y sancionar a quienes atentan contra la seguridad y patrimonio de las familias tamaulipecas.<\/p>\n","protected":false},"excerpt":{"rendered":"<p>EL SINODAL DE TAMAULIPAS Reynosa, Tamaulipas.- La Fiscal\u00eda General de Justicia del Estado de Tamaulipas informa que, el Agente del Ministerio P\u00fablico obtuvo 18 a\u00f1os de pena privativa de la libertad en contra de Ulises \u201cQ\u201d por los delitos de Robo Domiciliario con Violencia y Extorsi\u00f3n Agravada. Un Tribunal de Juicio Oral emiti\u00f3 la condena [&hellip;]<\/p>\n","protected":false},"author":1,"featured_media":190459,"comment_status":"closed","ping_status":"closed","sticky":false,"template":"","format":"standard","meta":{"footnotes":""},"categories":[25],"tags":[],"class_list":["post-190462","post","type-post","status-publish","format-standard","has-post-thumbnail","hentry","category-leyyorden"],"_links":{"self":[{"href":"https:\/\/www.elsinodaldetamaulipas.com.mx\/index.php?rest_route=\/wp\/v2\/posts\/190462","targetHints":{"allow":["GET"]}}],"collection":[{"href":"https:\/\/www.elsinodaldetamaulipas.com.mx\/index.php?rest_route=\/wp\/v2\/posts"}],"about":[{"href":"https:\/\/www.elsinodaldetamaulipas.com.mx\/index.php?rest_route=\/wp\/v2\/types\/post"}],"author":[{"embeddable":true,"href":"https:\/\/www.elsinodaldetamaulipas.com.mx\/index.php?rest_route=\/wp\/v2\/users\/1"}],"replies":[{"embeddable":true,"href":"https:\/\/www.elsinodaldetamaulipas.com.mx\/index.php?rest_route=%2Fwp%2Fv2%2Fcomments&post=190462"}],"version-history":[{"count":1,"href":"https:\/\/www.elsinodaldetamaulipas.com.mx\/index.php?rest_route=\/wp\/v2\/posts\/190462\/revisions"}],"predecessor-version":[{"id":190463,"href":"https:\/\/www.elsinodaldetamaulipas.com.mx\/index.php?rest_route=\/wp\/v2\/posts\/190462\/revisions\/190463"}],"wp:featuredmedia":[{"embeddable":true,"href":"https:\/\/www.elsinodaldetamaulipas.com.mx\/index.php?rest_route=\/wp\/v2\/media\/190459"}],"wp:attachment":[{"href":"https:\/\/www.elsinodaldetamaulipas.com.mx\/index.php?rest_route=%2Fwp%2Fv2%2Fmedia&parent=190462"}],"wp:term":[{"taxonomy":"category","embeddable":true,"href":"https:\/\/www.elsinodaldetamaulipas.com.mx\/index.php?rest_route=%2Fwp%2Fv2%2Fcategories&post=190462"},{"taxonomy":"post_tag","embeddable":true,"href":"https:\/\/www.elsinodaldetamaulipas.com.mx\/index.php?rest_route=%2Fwp%2Fv2%2Ftags&post=190462"}],"curies":[{"name":"wp","href":"https:\/\/api.w.org\/{rel}","templated":true}]}}