{"id":191306,"date":"2024-09-23T23:36:05","date_gmt":"2024-09-24T03:36:05","guid":{"rendered":"https:\/\/www.elsinodaldetamaulipas.com.mx\/?p=191306"},"modified":"2024-09-23T23:36:05","modified_gmt":"2024-09-24T03:36:05","slug":"metro-56-y-blacky-vinculados-por-secuestro","status":"publish","type":"post","link":"https:\/\/www.elsinodaldetamaulipas.com.mx\/?p=191306","title":{"rendered":"\u201cMETRO 56\u201d Y \u201cBLACKY\u201d VINCULADOS POR SECUESTRO"},"content":{"rendered":"<p>&nbsp;<\/p>\n<p>EL SINODAL DE TAMAULIPAS<br \/>\nReynosa, Tamaulipas.- Polic\u00edas de Investigaci\u00f3n, adscritos a la Unidad Especializada en Combate al Secuestro, cumplimentaron una orden de aprehensi\u00f3n en contra de Juan Miguel \u201cL\u201d, alias \u201cMetro 56\u201d y\/o \u201cMiguelito\u201d, y Ernesto \u201cR\u201d, alias \u00abBlacky\u00bb, por el delito de Secuestro Agravado.<\/p>\n<p>El Agente del Ministerio P\u00fablico solicit\u00f3 y obtuvo de un Juez de Control el mandato judicial ejecutado esta tarde, al existir elementos que implican a los detenidos en el secuestro de una persona registrado el 4 de enero de este a\u00f1o en la colonia Del Valle de este municipio a quien despojaron de m\u00e1s de 250 mil pesos y un veh\u00edculo, antes de que fuera liberada por agentes de la Guardia Estatal el 20 de enero pasado.<\/p>\n<p>Juan Miguel \u201cL\u201d, alias \u201cMetro 56\u201d y\/o \u201cMiguelito\u201d, y Ernesto \u201cR\u201d, alias \u00abBlacky\u00bb, ser\u00e1n puestos a disposici\u00f3n de la autoridad competente, que determinar\u00e1 su situaci\u00f3n jur\u00eddica.<\/p>\n<p>La Fiscal\u00eda General de Justicia del Estado de Tamaulipas refrenda su compromiso de no permitir impunidad a quienes atentan contra la libertad de las y los tamaulipecos.<\/p>\n<p><img loading=\"lazy\" decoding=\"async\" class=\"aligncenter wp-image-191296 size-full\" src=\"https:\/\/www.elsinodaldetamaulipas.com.mx\/wp-content\/uploads\/2024\/09\/IMG-20240923-WA0279.jpg\" alt=\"\" width=\"392\" height=\"569\" srcset=\"https:\/\/www.elsinodaldetamaulipas.com.mx\/wp-content\/uploads\/2024\/09\/IMG-20240923-WA0279.jpg 392w, https:\/\/www.elsinodaldetamaulipas.com.mx\/wp-content\/uploads\/2024\/09\/IMG-20240923-WA0279-207x300.jpg 207w\" sizes=\"auto, (max-width: 392px) 100vw, 392px\" \/><\/p>\n","protected":false},"excerpt":{"rendered":"<p>&nbsp; EL SINODAL DE TAMAULIPAS Reynosa, Tamaulipas.- Polic\u00edas de Investigaci\u00f3n, adscritos a la Unidad Especializada en Combate al Secuestro, cumplimentaron una orden de aprehensi\u00f3n en contra de Juan Miguel \u201cL\u201d, alias \u201cMetro 56\u201d y\/o \u201cMiguelito\u201d, y Ernesto \u201cR\u201d, alias \u00abBlacky\u00bb, por el delito de Secuestro Agravado. El Agente del Ministerio P\u00fablico solicit\u00f3 y obtuvo de [&hellip;]<\/p>\n","protected":false},"author":1,"featured_media":191297,"comment_status":"closed","ping_status":"closed","sticky":false,"template":"","format":"standard","meta":{"footnotes":""},"categories":[25],"tags":[],"class_list":["post-191306","post","type-post","status-publish","format-standard","has-post-thumbnail","hentry","category-leyyorden"],"_links":{"self":[{"href":"https:\/\/www.elsinodaldetamaulipas.com.mx\/index.php?rest_route=\/wp\/v2\/posts\/191306","targetHints":{"allow":["GET"]}}],"collection":[{"href":"https:\/\/www.elsinodaldetamaulipas.com.mx\/index.php?rest_route=\/wp\/v2\/posts"}],"about":[{"href":"https:\/\/www.elsinodaldetamaulipas.com.mx\/index.php?rest_route=\/wp\/v2\/types\/post"}],"author":[{"embeddable":true,"href":"https:\/\/www.elsinodaldetamaulipas.com.mx\/index.php?rest_route=\/wp\/v2\/users\/1"}],"replies":[{"embeddable":true,"href":"https:\/\/www.elsinodaldetamaulipas.com.mx\/index.php?rest_route=%2Fwp%2Fv2%2Fcomments&post=191306"}],"version-history":[{"count":1,"href":"https:\/\/www.elsinodaldetamaulipas.com.mx\/index.php?rest_route=\/wp\/v2\/posts\/191306\/revisions"}],"predecessor-version":[{"id":191307,"href":"https:\/\/www.elsinodaldetamaulipas.com.mx\/index.php?rest_route=\/wp\/v2\/posts\/191306\/revisions\/191307"}],"wp:featuredmedia":[{"embeddable":true,"href":"https:\/\/www.elsinodaldetamaulipas.com.mx\/index.php?rest_route=\/wp\/v2\/media\/191297"}],"wp:attachment":[{"href":"https:\/\/www.elsinodaldetamaulipas.com.mx\/index.php?rest_route=%2Fwp%2Fv2%2Fmedia&parent=191306"}],"wp:term":[{"taxonomy":"category","embeddable":true,"href":"https:\/\/www.elsinodaldetamaulipas.com.mx\/index.php?rest_route=%2Fwp%2Fv2%2Fcategories&post=191306"},{"taxonomy":"post_tag","embeddable":true,"href":"https:\/\/www.elsinodaldetamaulipas.com.mx\/index.php?rest_route=%2Fwp%2Fv2%2Ftags&post=191306"}],"curies":[{"name":"wp","href":"https:\/\/api.w.org\/{rel}","templated":true}]}}