{"id":191429,"date":"2024-09-25T18:36:06","date_gmt":"2024-09-25T22:36:06","guid":{"rendered":"https:\/\/www.elsinodaldetamaulipas.com.mx\/?p=191429"},"modified":"2024-09-25T18:36:06","modified_gmt":"2024-09-25T22:36:06","slug":"vinculan-a-el-pipo-por-el-delito-de-secuestro","status":"publish","type":"post","link":"https:\/\/www.elsinodaldetamaulipas.com.mx\/?p=191429","title":{"rendered":"VINCULAN A \u201cEL PIPO\u201d POR EL DELITO DE SECUESTRO"},"content":{"rendered":"<p>EL SINODAL DE TAMAULIPAS<br \/>\nCiudad Victoria, Tamaulipas.- El Agente del Ministerio P\u00fablico, de la Fiscal\u00eda General de Justicia del Estado de Tamaulipas, obtuvo la vinculaci\u00f3n a proceso de Dar\u00edo \u201cM\u201d alias \u201cEl Pipo\u201d por el delito de Secuestro con fines de causar da\u00f1o.<\/p>\n<p>Un Juez de Control dict\u00f3 la resoluci\u00f3n, luego de que el Representante Social present\u00f3 elementos que implican al imputado en el citado delito, por los hechos del 11 de julio del 2024, en el municipio de G\u00fc\u00e9mez.<\/p>\n<p>Dar\u00edo \u201cM\u201d alias \u201cEl Pipo\u201d permanecer\u00e1 en prisi\u00f3n preventiva justificada, seg\u00fan lo estableci\u00f3 el Juzgador.<\/p>\n<p>Con este tipo de acciones, la Fiscal\u00eda General de Justicia del Estado de Tamaulipas, refrenda su compromiso de utilizar los medios jur\u00eddicos a su alcance para llevar ante la justicia a todos aquellos que atenten contra el patrimonio, la libertad y la integridad de los tamaulipecos.<\/p>\n","protected":false},"excerpt":{"rendered":"<p>EL SINODAL DE TAMAULIPAS Ciudad Victoria, Tamaulipas.- El Agente del Ministerio P\u00fablico, de la Fiscal\u00eda General de Justicia del Estado de Tamaulipas, obtuvo la vinculaci\u00f3n a proceso de Dar\u00edo \u201cM\u201d alias \u201cEl Pipo\u201d por el delito de Secuestro con fines de causar da\u00f1o. Un Juez de Control dict\u00f3 la resoluci\u00f3n, luego de que el Representante [&hellip;]<\/p>\n","protected":false},"author":1,"featured_media":191407,"comment_status":"closed","ping_status":"closed","sticky":false,"template":"","format":"standard","meta":{"footnotes":""},"categories":[25],"tags":[],"class_list":["post-191429","post","type-post","status-publish","format-standard","has-post-thumbnail","hentry","category-leyyorden"],"_links":{"self":[{"href":"https:\/\/www.elsinodaldetamaulipas.com.mx\/index.php?rest_route=\/wp\/v2\/posts\/191429","targetHints":{"allow":["GET"]}}],"collection":[{"href":"https:\/\/www.elsinodaldetamaulipas.com.mx\/index.php?rest_route=\/wp\/v2\/posts"}],"about":[{"href":"https:\/\/www.elsinodaldetamaulipas.com.mx\/index.php?rest_route=\/wp\/v2\/types\/post"}],"author":[{"embeddable":true,"href":"https:\/\/www.elsinodaldetamaulipas.com.mx\/index.php?rest_route=\/wp\/v2\/users\/1"}],"replies":[{"embeddable":true,"href":"https:\/\/www.elsinodaldetamaulipas.com.mx\/index.php?rest_route=%2Fwp%2Fv2%2Fcomments&post=191429"}],"version-history":[{"count":1,"href":"https:\/\/www.elsinodaldetamaulipas.com.mx\/index.php?rest_route=\/wp\/v2\/posts\/191429\/revisions"}],"predecessor-version":[{"id":191430,"href":"https:\/\/www.elsinodaldetamaulipas.com.mx\/index.php?rest_route=\/wp\/v2\/posts\/191429\/revisions\/191430"}],"wp:featuredmedia":[{"embeddable":true,"href":"https:\/\/www.elsinodaldetamaulipas.com.mx\/index.php?rest_route=\/wp\/v2\/media\/191407"}],"wp:attachment":[{"href":"https:\/\/www.elsinodaldetamaulipas.com.mx\/index.php?rest_route=%2Fwp%2Fv2%2Fmedia&parent=191429"}],"wp:term":[{"taxonomy":"category","embeddable":true,"href":"https:\/\/www.elsinodaldetamaulipas.com.mx\/index.php?rest_route=%2Fwp%2Fv2%2Fcategories&post=191429"},{"taxonomy":"post_tag","embeddable":true,"href":"https:\/\/www.elsinodaldetamaulipas.com.mx\/index.php?rest_route=%2Fwp%2Fv2%2Ftags&post=191429"}],"curies":[{"name":"wp","href":"https:\/\/api.w.org\/{rel}","templated":true}]}}