{"id":191431,"date":"2024-09-25T18:37:46","date_gmt":"2024-09-25T22:37:46","guid":{"rendered":"https:\/\/www.elsinodaldetamaulipas.com.mx\/?p=191431"},"modified":"2024-09-25T18:37:46","modified_gmt":"2024-09-25T22:37:46","slug":"dictan-prision-preventiva-a-par-de-secuestradores","status":"publish","type":"post","link":"https:\/\/www.elsinodaldetamaulipas.com.mx\/?p=191431","title":{"rendered":"DICTAN PRISI\u00d3N PREVENTIVA A PAR DE SECUESTRADORES"},"content":{"rendered":"<p>{EL SINODAL DE TAMAULIPAS<br \/>\nReynosa, Tamaulipas.- La Fiscal\u00eda General de Justicia del Estado de Tamaulipas comunica que, como resultado las acciones contra del delito de secuestro, el Agente del Ministerio P\u00fablico, adscrito a la Unidad Especializada en Combate al Secuestro (UECS), obtuvo la vinculaci\u00f3n a proceso de Juan Miguel \u201cL\u201d, alias \u201cMetro 56\u201d y\/o \u201cMiguelito\u201d, y Ernesto \u201cR\u201d, alias \u201cBlacky\u201d, por Secuestro Agravado.<br \/>\nUn Juez de Control emiti\u00f3 la resoluci\u00f3n despu\u00e9s de que el representante social presentara pruebas que demuestran la participaci\u00f3n de los imputados en este delito, registrado el 4 de enero del presente a\u00f1o, en la colonia Del Valle de este municipio. Es importante mencionar que, junto con ellos, 12 personas m\u00e1s fueron vinculadas a proceso por este caso, lo que permite afirmar que fue desarticulada este grupo dedicado a cometer ese il\u00edcito en la regi\u00f3n.<br \/>\nAdem\u00e1s, el juzgador estableci\u00f3 un plazo de cuatro meses para completar la investigaci\u00f3n y prisi\u00f3n preventiva para Juan Miguel \u201cL\u201d, alias \u201cMetro 56\u201d y\/o \u201cMiguelito\u201d, y Ernesto \u201cR\u201d, alias \u201cBlacky\u201d.<br \/>\nLa Fiscal\u00eda General de Justicia del Estado de Tamaulipas reitera su compromiso con la lucha contra la impunidad y la protecci\u00f3n de la libertad de las familias tamaulipecas.<\/p>\n<p><img loading=\"lazy\" decoding=\"async\" class=\"aligncenter wp-image-191409 size-full\" src=\"https:\/\/www.elsinodaldetamaulipas.com.mx\/wp-content\/uploads\/2024\/09\/IMG-20240923-WA02792.jpg\" alt=\"\" width=\"392\" height=\"569\" srcset=\"https:\/\/www.elsinodaldetamaulipas.com.mx\/wp-content\/uploads\/2024\/09\/IMG-20240923-WA02792.jpg 392w, https:\/\/www.elsinodaldetamaulipas.com.mx\/wp-content\/uploads\/2024\/09\/IMG-20240923-WA02792-207x300.jpg 207w\" sizes=\"auto, (max-width: 392px) 100vw, 392px\" \/><\/p>\n","protected":false},"excerpt":{"rendered":"<p>{EL SINODAL DE TAMAULIPAS Reynosa, Tamaulipas.- La Fiscal\u00eda General de Justicia del Estado de Tamaulipas comunica que, como resultado las acciones contra del delito de secuestro, el Agente del Ministerio P\u00fablico, adscrito a la Unidad Especializada en Combate al Secuestro (UECS), obtuvo la vinculaci\u00f3n a proceso de Juan Miguel \u201cL\u201d, alias \u201cMetro 56\u201d y\/o \u201cMiguelito\u201d, [&hellip;]<\/p>\n","protected":false},"author":1,"featured_media":191408,"comment_status":"closed","ping_status":"closed","sticky":false,"template":"","format":"standard","meta":{"footnotes":""},"categories":[25],"tags":[],"class_list":["post-191431","post","type-post","status-publish","format-standard","has-post-thumbnail","hentry","category-leyyorden"],"_links":{"self":[{"href":"https:\/\/www.elsinodaldetamaulipas.com.mx\/index.php?rest_route=\/wp\/v2\/posts\/191431","targetHints":{"allow":["GET"]}}],"collection":[{"href":"https:\/\/www.elsinodaldetamaulipas.com.mx\/index.php?rest_route=\/wp\/v2\/posts"}],"about":[{"href":"https:\/\/www.elsinodaldetamaulipas.com.mx\/index.php?rest_route=\/wp\/v2\/types\/post"}],"author":[{"embeddable":true,"href":"https:\/\/www.elsinodaldetamaulipas.com.mx\/index.php?rest_route=\/wp\/v2\/users\/1"}],"replies":[{"embeddable":true,"href":"https:\/\/www.elsinodaldetamaulipas.com.mx\/index.php?rest_route=%2Fwp%2Fv2%2Fcomments&post=191431"}],"version-history":[{"count":1,"href":"https:\/\/www.elsinodaldetamaulipas.com.mx\/index.php?rest_route=\/wp\/v2\/posts\/191431\/revisions"}],"predecessor-version":[{"id":191432,"href":"https:\/\/www.elsinodaldetamaulipas.com.mx\/index.php?rest_route=\/wp\/v2\/posts\/191431\/revisions\/191432"}],"wp:featuredmedia":[{"embeddable":true,"href":"https:\/\/www.elsinodaldetamaulipas.com.mx\/index.php?rest_route=\/wp\/v2\/media\/191408"}],"wp:attachment":[{"href":"https:\/\/www.elsinodaldetamaulipas.com.mx\/index.php?rest_route=%2Fwp%2Fv2%2Fmedia&parent=191431"}],"wp:term":[{"taxonomy":"category","embeddable":true,"href":"https:\/\/www.elsinodaldetamaulipas.com.mx\/index.php?rest_route=%2Fwp%2Fv2%2Fcategories&post=191431"},{"taxonomy":"post_tag","embeddable":true,"href":"https:\/\/www.elsinodaldetamaulipas.com.mx\/index.php?rest_route=%2Fwp%2Fv2%2Ftags&post=191431"}],"curies":[{"name":"wp","href":"https:\/\/api.w.org\/{rel}","templated":true}]}}