{"id":191750,"date":"2024-09-30T20:05:25","date_gmt":"2024-10-01T00:05:25","guid":{"rendered":"https:\/\/www.elsinodaldetamaulipas.com.mx\/?p=191750"},"modified":"2024-09-30T20:05:25","modified_gmt":"2024-10-01T00:05:25","slug":"concesionarias-afectan-autopista-monterrey-n-laredo","status":"publish","type":"post","link":"https:\/\/www.elsinodaldetamaulipas.com.mx\/?p=191750","title":{"rendered":"CONCESIONARIAS AFECTAN AUTOPISTA MONTERREY-N. LAREDO"},"content":{"rendered":"<p>EL SINODAL DE TAMAULIPAS<br \/>\nNuevo Laredo, Tam.- En los \u00faltimos meses, se han registrado serios problemas de circulaci\u00f3n, en la Autopista Monterrey-Nuevo Laredo, debido a los graves retrasos que sufren los usuarios de esta importante v\u00eda de comunicaci\u00f3n, retrasos que en ocasiones superan las cuatro horas de duraci\u00f3n.<\/p>\n<p>La v\u00eda de 194 kil\u00f3metros de extensi\u00f3n, entre la ciudad de Monterrey y la fronteriza Nuevo Laredo, est\u00e1 concesionada a dos empresas, las cuales deben cumplir al pie de la letra con las obligaciones que les impone su t\u00edtulo de concesi\u00f3n, otorgado por la Secretar\u00eda de Infraestructura, Comunicaciones y Transportes.<\/p>\n<p>El primer tramo de la v\u00eda Monterrey-Nuevo Laredo se concesion\u00f3 a la empresa Operadora de Autopistas del Noreste y comprende del kil\u00f3metro 22+700 al km 145+000. En el segundo tramo de la v\u00eda, este est\u00e1 concesionado a la empresa Operadora de la Sultana y comprende del kil\u00f3metro 145+000 al 194+000.<\/p>\n<p>Cabe destacar que el problema se ha ubicado en el primer tramo concesionado a la empresa Operadora de Autopistas del Noreste, la cual, desde hace varios meses, realiza trabajos de rehabilitaci\u00f3n, reduciendo su operaci\u00f3n a s\u00f3lo un carril de los cuatro que deber\u00eda tener al servicio de los usuarios, lo que genera interminables cuellos de botella en una carretera de muy alta circulaci\u00f3n. Asimismo, su plaza de cobro tiene serios problemas operativos, lo que genera largas filas de veh\u00edculos.<\/p>\n<p>Mientras tanto, Operadora de la Sultana se ha distinguido en los \u00faltimos a\u00f1os por ofrecer un servicio de alta calidad a sus usuarios.<\/p>\n<p>En los pr\u00f3ximos d\u00edas, ser\u00e1 inaugurada la ANAM, la Agencia Nacional de Aduanas de M\u00e9xico, y en este sentido, la Autopista Monterrey-Nuevo Laredo es un tramo estrat\u00e9gico para la movilidad social, pero sobre todo para la econom\u00eda de nuestro pa\u00eds y por ello, las autoridades competentes deben vigilar que Operadora de Autopistas del Noreste cumpla escrupulosamente con lo que la obliga su t\u00edtulo de concesi\u00f3n, con calidad, fluidez y eficiencia en beneficio de los usuarios, en una v\u00eda carretera que es tan importante para el pa\u00eds.<\/p>\n","protected":false},"excerpt":{"rendered":"<p>EL SINODAL DE TAMAULIPAS Nuevo Laredo, Tam.- En los \u00faltimos meses, se han registrado serios problemas de circulaci\u00f3n, en la Autopista Monterrey-Nuevo Laredo, debido a los graves retrasos que sufren los usuarios de esta importante v\u00eda de comunicaci\u00f3n, retrasos que en ocasiones superan las cuatro horas de duraci\u00f3n. La v\u00eda de 194 kil\u00f3metros de extensi\u00f3n, [&hellip;]<\/p>\n","protected":false},"author":1,"featured_media":191751,"comment_status":"closed","ping_status":"closed","sticky":false,"template":"","format":"standard","meta":{"footnotes":""},"categories":[1,2],"tags":[],"class_list":["post-191750","post","type-post","status-publish","format-standard","has-post-thumbnail","hentry","category-portada","category-reynosa"],"_links":{"self":[{"href":"https:\/\/www.elsinodaldetamaulipas.com.mx\/index.php?rest_route=\/wp\/v2\/posts\/191750","targetHints":{"allow":["GET"]}}],"collection":[{"href":"https:\/\/www.elsinodaldetamaulipas.com.mx\/index.php?rest_route=\/wp\/v2\/posts"}],"about":[{"href":"https:\/\/www.elsinodaldetamaulipas.com.mx\/index.php?rest_route=\/wp\/v2\/types\/post"}],"author":[{"embeddable":true,"href":"https:\/\/www.elsinodaldetamaulipas.com.mx\/index.php?rest_route=\/wp\/v2\/users\/1"}],"replies":[{"embeddable":true,"href":"https:\/\/www.elsinodaldetamaulipas.com.mx\/index.php?rest_route=%2Fwp%2Fv2%2Fcomments&post=191750"}],"version-history":[{"count":1,"href":"https:\/\/www.elsinodaldetamaulipas.com.mx\/index.php?rest_route=\/wp\/v2\/posts\/191750\/revisions"}],"predecessor-version":[{"id":191752,"href":"https:\/\/www.elsinodaldetamaulipas.com.mx\/index.php?rest_route=\/wp\/v2\/posts\/191750\/revisions\/191752"}],"wp:featuredmedia":[{"embeddable":true,"href":"https:\/\/www.elsinodaldetamaulipas.com.mx\/index.php?rest_route=\/wp\/v2\/media\/191751"}],"wp:attachment":[{"href":"https:\/\/www.elsinodaldetamaulipas.com.mx\/index.php?rest_route=%2Fwp%2Fv2%2Fmedia&parent=191750"}],"wp:term":[{"taxonomy":"category","embeddable":true,"href":"https:\/\/www.elsinodaldetamaulipas.com.mx\/index.php?rest_route=%2Fwp%2Fv2%2Fcategories&post=191750"},{"taxonomy":"post_tag","embeddable":true,"href":"https:\/\/www.elsinodaldetamaulipas.com.mx\/index.php?rest_route=%2Fwp%2Fv2%2Ftags&post=191750"}],"curies":[{"name":"wp","href":"https:\/\/api.w.org\/{rel}","templated":true}]}}