{"id":191756,"date":"2024-09-30T20:20:54","date_gmt":"2024-10-01T00:20:54","guid":{"rendered":"https:\/\/www.elsinodaldetamaulipas.com.mx\/?p=191756"},"modified":"2024-09-30T20:20:54","modified_gmt":"2024-10-01T00:20:54","slug":"preguntas-de-fin-de-sexenio","status":"publish","type":"post","link":"https:\/\/www.elsinodaldetamaulipas.com.mx\/?p=191756","title":{"rendered":"Preguntas de fin de sexenio"},"content":{"rendered":"<p>Por Oscar D\u00edaz Salazar<\/p>\n<p>Al terminar el sexenio que gobern\u00f3 Andr\u00e9s Manuel L\u00f3pez Obrador, creo oportuno compartir algunos cuestionamientos. Hacer preguntas es irle avanzando a la tarea de sacar conclusiones, para poder calificar, describir, nombrar, rese\u00f1ar y evaluar una tarea.<\/p>\n<p>\u00bfSe logr\u00f3 la cuarta transformaci\u00f3n de la patria?<\/p>\n<p>Si las transformaciones son independencia, reforma y revoluci\u00f3n, \u00bfcomo se denominar\u00e1 la cuarta transformaci\u00f3n?<\/p>\n<p>\u00bfCu\u00e1l fue la ley, acci\u00f3n, obra, decisi\u00f3n, medida, o movimiento m\u00e1s relevante del gobierno de AMLO?<\/p>\n<p>\u00bfSe logr\u00f3 un cambio de r\u00e9gimen pol\u00edtico?<\/p>\n<p>\u00bfSe consigui\u00f3 separar al poder pol\u00edtico del econ\u00f3mico?<\/p>\n<p>\u00bfSe pudo re nacionalizar el petr\u00f3leo y la industria petrolera?<\/p>\n<p>\u00bfSer\u00e1 la ley y la creaci\u00f3n de la empresa que se encargar\u00e1 del Litio la mayor contribuci\u00f3n de L\u00f3pez Obrador a futuro?<\/p>\n<p>\u00bfLos programas de reparto de dinero a los mayores de 65 a\u00f1os es el gran legado de AMLO?<\/p>\n<p>\u00bfM\u00e1s que cuarta transformaci\u00f3n es la segunda regresi\u00f3n que favorece al PRI?<\/p>\n<p>Si el gobierno de AMLO fue centralista y asumi\u00f3 facultades de las entidades federativas y municipios \u00bfeso lo hace reaccionario?<\/p>\n<p>El crecimiento de morena con cuadros priistas y panistas, y la intenci\u00f3n de ganar con quien sea y como sea \u00bfes progresista, revolucionario, conveniente y necesario?<\/p>\n<p>\u00bfDeja la econom\u00eda prendida con alfileres?<\/p>\n<p>\u00bfPor qu\u00e9 le cedi\u00f3 tanto a los militares y los involucr\u00f3 en tareas que ya estaban a cargo de los civiles?<\/p>\n<p>\u00bfFue exitosa la lucha contra el guachicoleo o solo cambio de la sustracci\u00f3n del ducto al contrabando?<\/p>\n<p>\u00bfFue omiso en el guchicoleo de energ\u00eda el\u00e9ctrica?<\/p>\n<p>En el caso del ex gobernador Cabeza de Vaca \u00bfBuscaban hacer justicia y castigar a un presunto delincuente o solo que le cediera la gubernatura a su partido?<\/p>\n<p>\u00bfPor qu\u00e9 dej\u00f3 a medias el proceso para derogar la reforma educativa (laboral) de Pe\u00f1a Nieto?<\/p>\n<p>Tal vez el propio presidente nos pueda responder estas preguntas, ahora que se vaya a \u00abLa Chingada\u00bb y que tenga tiempo para reflexionar.<\/p>\n<p>Por muchas razones, incluyendo las que aqu\u00ed se comparten, le digo al presidente: Gracias<\/p>\n","protected":false},"excerpt":{"rendered":"<p>Por Oscar D\u00edaz Salazar Al terminar el sexenio que gobern\u00f3 Andr\u00e9s Manuel L\u00f3pez Obrador, creo oportuno compartir algunos cuestionamientos. Hacer preguntas es irle avanzando a la tarea de sacar conclusiones, para poder calificar, describir, nombrar, rese\u00f1ar y evaluar una tarea. \u00bfSe logr\u00f3 la cuarta transformaci\u00f3n de la patria? Si las transformaciones son independencia, reforma y [&hellip;]<\/p>\n","protected":false},"author":1,"featured_media":0,"comment_status":"closed","ping_status":"closed","sticky":false,"template":"","format":"standard","meta":{"footnotes":""},"categories":[16],"tags":[],"class_list":["post-191756","post","type-post","status-publish","format-standard","hentry","category-opinion"],"_links":{"self":[{"href":"https:\/\/www.elsinodaldetamaulipas.com.mx\/index.php?rest_route=\/wp\/v2\/posts\/191756","targetHints":{"allow":["GET"]}}],"collection":[{"href":"https:\/\/www.elsinodaldetamaulipas.com.mx\/index.php?rest_route=\/wp\/v2\/posts"}],"about":[{"href":"https:\/\/www.elsinodaldetamaulipas.com.mx\/index.php?rest_route=\/wp\/v2\/types\/post"}],"author":[{"embeddable":true,"href":"https:\/\/www.elsinodaldetamaulipas.com.mx\/index.php?rest_route=\/wp\/v2\/users\/1"}],"replies":[{"embeddable":true,"href":"https:\/\/www.elsinodaldetamaulipas.com.mx\/index.php?rest_route=%2Fwp%2Fv2%2Fcomments&post=191756"}],"version-history":[{"count":1,"href":"https:\/\/www.elsinodaldetamaulipas.com.mx\/index.php?rest_route=\/wp\/v2\/posts\/191756\/revisions"}],"predecessor-version":[{"id":191758,"href":"https:\/\/www.elsinodaldetamaulipas.com.mx\/index.php?rest_route=\/wp\/v2\/posts\/191756\/revisions\/191758"}],"wp:attachment":[{"href":"https:\/\/www.elsinodaldetamaulipas.com.mx\/index.php?rest_route=%2Fwp%2Fv2%2Fmedia&parent=191756"}],"wp:term":[{"taxonomy":"category","embeddable":true,"href":"https:\/\/www.elsinodaldetamaulipas.com.mx\/index.php?rest_route=%2Fwp%2Fv2%2Fcategories&post=191756"},{"taxonomy":"post_tag","embeddable":true,"href":"https:\/\/www.elsinodaldetamaulipas.com.mx\/index.php?rest_route=%2Fwp%2Fv2%2Ftags&post=191756"}],"curies":[{"name":"wp","href":"https:\/\/api.w.org\/{rel}","templated":true}]}}