{"id":191942,"date":"2024-10-02T21:18:15","date_gmt":"2024-10-03T01:18:15","guid":{"rendered":"https:\/\/www.elsinodaldetamaulipas.com.mx\/?p=191942"},"modified":"2024-10-02T21:18:15","modified_gmt":"2024-10-03T01:18:15","slug":"por-homicidio-culposo-va-a-prision-preventiva","status":"publish","type":"post","link":"https:\/\/www.elsinodaldetamaulipas.com.mx\/?p=191942","title":{"rendered":"POR HOMICIDIO CULPOSO VA A PRISI\u00d3N PREVENTIVA"},"content":{"rendered":"<p>EL SINODAL DE TAMAULIPAS<br \/>\nTampico, Tamaulipas.- La Fiscal\u00eda General de Justicia del Estado de Tamaulipas informa que, el Agente del Ministerio P\u00fablico obtuvo vinculaci\u00f3n a proceso en contra de Oscar Daniel \u201cP\u201d, por el delito de Homicidio Culposo.<br \/>\nUn Juez de Control emiti\u00f3 la resoluci\u00f3n despu\u00e9s de que el Representante Social presentara elementos de prueba que acreditan la probable participaci\u00f3n del imputado en el citado delito, registrado el 27 de febrero del a\u00f1o 2020, colonia Puerto Industrial del municipio de Altamira.<br \/>\nOscar Daniel \u201cP\u201d permanecer\u00e1 en prisi\u00f3n preventiva justificada, seg\u00fan lo estableci\u00f3 el Juzgador; quien adem\u00e1s estableci\u00f3 un plazo de 3 meses de investigaci\u00f3n complementaria.<br \/>\nLa Fiscal\u00eda General de Justicia del Estado de Tamaulipas refrenda su compromiso de utilizar los medios jur\u00eddicos a su alcance para perseguir y castigar a todos aquellos que atenten contra la vida de los ciudadanos.<\/p>\n","protected":false},"excerpt":{"rendered":"<p>EL SINODAL DE TAMAULIPAS Tampico, Tamaulipas.- La Fiscal\u00eda General de Justicia del Estado de Tamaulipas informa que, el Agente del Ministerio P\u00fablico obtuvo vinculaci\u00f3n a proceso en contra de Oscar Daniel \u201cP\u201d, por el delito de Homicidio Culposo. Un Juez de Control emiti\u00f3 la resoluci\u00f3n despu\u00e9s de que el Representante Social presentara elementos de prueba [&hellip;]<\/p>\n","protected":false},"author":1,"featured_media":191935,"comment_status":"closed","ping_status":"closed","sticky":false,"template":"","format":"standard","meta":{"footnotes":""},"categories":[25],"tags":[],"class_list":["post-191942","post","type-post","status-publish","format-standard","has-post-thumbnail","hentry","category-leyyorden"],"_links":{"self":[{"href":"https:\/\/www.elsinodaldetamaulipas.com.mx\/index.php?rest_route=\/wp\/v2\/posts\/191942","targetHints":{"allow":["GET"]}}],"collection":[{"href":"https:\/\/www.elsinodaldetamaulipas.com.mx\/index.php?rest_route=\/wp\/v2\/posts"}],"about":[{"href":"https:\/\/www.elsinodaldetamaulipas.com.mx\/index.php?rest_route=\/wp\/v2\/types\/post"}],"author":[{"embeddable":true,"href":"https:\/\/www.elsinodaldetamaulipas.com.mx\/index.php?rest_route=\/wp\/v2\/users\/1"}],"replies":[{"embeddable":true,"href":"https:\/\/www.elsinodaldetamaulipas.com.mx\/index.php?rest_route=%2Fwp%2Fv2%2Fcomments&post=191942"}],"version-history":[{"count":1,"href":"https:\/\/www.elsinodaldetamaulipas.com.mx\/index.php?rest_route=\/wp\/v2\/posts\/191942\/revisions"}],"predecessor-version":[{"id":191943,"href":"https:\/\/www.elsinodaldetamaulipas.com.mx\/index.php?rest_route=\/wp\/v2\/posts\/191942\/revisions\/191943"}],"wp:featuredmedia":[{"embeddable":true,"href":"https:\/\/www.elsinodaldetamaulipas.com.mx\/index.php?rest_route=\/wp\/v2\/media\/191935"}],"wp:attachment":[{"href":"https:\/\/www.elsinodaldetamaulipas.com.mx\/index.php?rest_route=%2Fwp%2Fv2%2Fmedia&parent=191942"}],"wp:term":[{"taxonomy":"category","embeddable":true,"href":"https:\/\/www.elsinodaldetamaulipas.com.mx\/index.php?rest_route=%2Fwp%2Fv2%2Fcategories&post=191942"},{"taxonomy":"post_tag","embeddable":true,"href":"https:\/\/www.elsinodaldetamaulipas.com.mx\/index.php?rest_route=%2Fwp%2Fv2%2Ftags&post=191942"}],"curies":[{"name":"wp","href":"https:\/\/api.w.org\/{rel}","templated":true}]}}