{"id":191948,"date":"2024-10-02T22:31:48","date_gmt":"2024-10-03T02:31:48","guid":{"rendered":"https:\/\/www.elsinodaldetamaulipas.com.mx\/?p=191948"},"modified":"2024-10-02T22:31:48","modified_gmt":"2024-10-03T02:31:48","slug":"kamala-harris-felicita-a-claudia-sheinbaum","status":"publish","type":"post","link":"https:\/\/www.elsinodaldetamaulipas.com.mx\/?p=191948","title":{"rendered":"KAMALA HARRIS, FELICITA A CLAUDIA SHEINBAUM"},"content":{"rendered":"<p>Candidata democr\u00e1ta a lresidencia de EEUU expres\u00f3<br \/>\ninter\u00e9s en colaborar con presidenta de los m\u00e9xicanos<br \/>\nCiudad de M\u00e9xico.- La vicepresidenta estadounidense y candidata dem\u00f3crata a las elecciones del 5 de noviembre, Kamala Harris, felicit\u00f3 a la presidenta de M\u00e9xico, Claudia Sheinbaum, quien tom\u00f3 protesta la ma\u00f1ana del 1 de octubre.<\/p>\n<p>Harris calific\u00f3 la de hist\u00f3rica la investidura de Sheinbaum. Adem\u00e1s, expres\u00f3 su deseo de trabajar conjuntamente en la agenda bilateral, en caso de llegar la presidencia.<\/p>\n<p>\u201cFelicidades a la presidenta Sheinbaum de M\u00e9xico por su hist\u00f3rica investidura. Estoy deseando fortalecer la cooperaci\u00f3n en materia de seguridad y prosperidad, desde abordar la migraci\u00f3n irregular hasta fortalecer nuestros v\u00ednculos econ\u00f3micos y de energ\u00eda limpia\u201d, escribi\u00f3 desde su perfil en la red social X.<\/p>\n<p>El mensaje de de Kamala Harris se sum\u00f3 al del presidente de Estados Unidos, Joe Biden y al de su esposa, Jill Biden, quien encabez\u00f3 a la comisi\u00f3n estadounidense que asisti\u00f3 a la toma de protesta de Sheinbaum.<\/p>\n<p>\u201cJill y yo extendemos nuestras m\u00e1s sinceras felicitaciones a la Presidenta Claudia Sheinbaum por su toma de posesi\u00f3n. Como s\u00edmbolo de nuestro respeto y de la amistad entre nuestras dos naciones, nuestra Primera Dama encabeza la Delegaci\u00f3n a la toma de posesi\u00f3n de la Presidenta Sheinbaum, junto con muchos altos funcionarios de mi administraci\u00f3n. Jill y yo deseamos a la Presidenta Sheinbaum una feliz celebraci\u00f3n y una presidencia muy exitosa, y felicitamos al pueblo de M\u00e9xico por la hist\u00f3rica toma de posesi\u00f3n de su primera mujer presidenta\u201d, se pudo leer en el mensaje difundido por la Embajada de EEUU en M\u00e9xico.<br \/>\nPor su parte, Jill Biden coment\u00f3 que a su paso por M\u00e9xico pudo percibir el entusiasmo alrededor de la investidura de Sheinbaum, al ser la primera mujer a llegar a la presidencia del pa\u00eds.<\/p>\n<p>\u201cHay algo especial en el ambiente, y lo sent\u00ed desde el momento del aterrizaje- una efervescencia de entusiasmo por ver la toma de posesi\u00f3n de la primera mujer presidenta de M\u00e9xico\u201d, sostuvo.<\/p>\n<p>Durante el evento organizado por Ken Salazar, embajador de EEUU en M\u00e9xico, tambi\u00e9n resalt\u00f3 la fuerte relaci\u00f3n entre ambos pa\u00edses.<\/p>\n<p>\u201cMe siento honrada de estar aqu\u00ed con ustedes para celebrar la fortaleza y la relaci\u00f3n de nuestros pa\u00edses en momentos tan hist\u00f3ricos\u201d, dijo.<\/p>\n<p>Asimismo agradeci\u00f3 a Salazar por su esfuerzo en el fortalecimiento de la relaci\u00f3n bilateral: \u201cGracias por darme la bienvenida a su casa una vez m\u00e1s. En los \u00faltimos tres a\u00f1os Joe y yo hemos visto su liderazgo para fortalecer los M\u00e9xico y estamos agradecidos con usted\u201d.<\/p>\n<p>Por otro lado, Biden retom\u00f3 parte del discurso de Sheinbaum para remarcar la importancia de la llegada de una mujer a la presidencia.<\/p>\n<p>\u201cComo ha se\u00f1alado la presidenta electa, Dra. Sheinbaum, no lleg\u00f3 sola a este momento hist\u00f3rico. Ella dijo: \u00b4Llegamos todas, con nuestras hero\u00ednas que nos dieron nuestra patria, con nuestros antepasados, nuestras madres, nuestras hijas y nuestras nietas\u00b4. Ma\u00f1ana, esas generaciones de mujeres llegar\u00e1n juntas al Palacio Legislativo para verla tomar juramento\u201d, indic\u00f3.<\/p>\n","protected":false},"excerpt":{"rendered":"<p>Candidata democr\u00e1ta a lresidencia de EEUU expres\u00f3 inter\u00e9s en colaborar con presidenta de los m\u00e9xicanos Ciudad de M\u00e9xico.- La vicepresidenta estadounidense y candidata dem\u00f3crata a las elecciones del 5 de noviembre, Kamala Harris, felicit\u00f3 a la presidenta de M\u00e9xico, Claudia Sheinbaum, quien tom\u00f3 protesta la ma\u00f1ana del 1 de octubre. Harris calific\u00f3 la de hist\u00f3rica [&hellip;]<\/p>\n","protected":false},"author":1,"featured_media":191938,"comment_status":"closed","ping_status":"closed","sticky":false,"template":"","format":"standard","meta":{"footnotes":""},"categories":[14],"tags":[],"class_list":["post-191948","post","type-post","status-publish","format-standard","has-post-thumbnail","hentry","category-internacional"],"_links":{"self":[{"href":"https:\/\/www.elsinodaldetamaulipas.com.mx\/index.php?rest_route=\/wp\/v2\/posts\/191948","targetHints":{"allow":["GET"]}}],"collection":[{"href":"https:\/\/www.elsinodaldetamaulipas.com.mx\/index.php?rest_route=\/wp\/v2\/posts"}],"about":[{"href":"https:\/\/www.elsinodaldetamaulipas.com.mx\/index.php?rest_route=\/wp\/v2\/types\/post"}],"author":[{"embeddable":true,"href":"https:\/\/www.elsinodaldetamaulipas.com.mx\/index.php?rest_route=\/wp\/v2\/users\/1"}],"replies":[{"embeddable":true,"href":"https:\/\/www.elsinodaldetamaulipas.com.mx\/index.php?rest_route=%2Fwp%2Fv2%2Fcomments&post=191948"}],"version-history":[{"count":1,"href":"https:\/\/www.elsinodaldetamaulipas.com.mx\/index.php?rest_route=\/wp\/v2\/posts\/191948\/revisions"}],"predecessor-version":[{"id":191949,"href":"https:\/\/www.elsinodaldetamaulipas.com.mx\/index.php?rest_route=\/wp\/v2\/posts\/191948\/revisions\/191949"}],"wp:featuredmedia":[{"embeddable":true,"href":"https:\/\/www.elsinodaldetamaulipas.com.mx\/index.php?rest_route=\/wp\/v2\/media\/191938"}],"wp:attachment":[{"href":"https:\/\/www.elsinodaldetamaulipas.com.mx\/index.php?rest_route=%2Fwp%2Fv2%2Fmedia&parent=191948"}],"wp:term":[{"taxonomy":"category","embeddable":true,"href":"https:\/\/www.elsinodaldetamaulipas.com.mx\/index.php?rest_route=%2Fwp%2Fv2%2Fcategories&post=191948"},{"taxonomy":"post_tag","embeddable":true,"href":"https:\/\/www.elsinodaldetamaulipas.com.mx\/index.php?rest_route=%2Fwp%2Fv2%2Ftags&post=191948"}],"curies":[{"name":"wp","href":"https:\/\/api.w.org\/{rel}","templated":true}]}}