{"id":192157,"date":"2024-10-08T00:13:35","date_gmt":"2024-10-08T04:13:35","guid":{"rendered":"https:\/\/www.elsinodaldetamaulipas.com.mx\/?p=192157"},"modified":"2024-10-08T00:13:35","modified_gmt":"2024-10-08T04:13:35","slug":"quizo-apunalar-a-dama-vinculado-por-feminicidio","status":"publish","type":"post","link":"https:\/\/www.elsinodaldetamaulipas.com.mx\/?p=192157","title":{"rendered":"QUIZO APU\u00d1ALAR A DAMA, VINCULADO POR FEMINICIDIO"},"content":{"rendered":"<p>EL SINODAL DE TAMAULIPAS<br \/>\nTampico, Tamaulipas.- La Fiscal\u00eda General de Justicia del Estado de Tamaulipas informa que el Agente del Ministerio P\u00fablico realiz\u00f3 las acciones jur\u00eddicas necesarias para que fuera dictada vinculaci\u00f3n a proceso en contra de Jos\u00e9 Alberto \u201cR\u201d por el delito de Feminicidio en grado de tentativa.<br \/>\nUn Juez de Control dict\u00f3 la medida, despu\u00e9s de que el Representante Social presentara elementos de prueba que acreditan la probable participaci\u00f3n del imputado, en el citado delito, ocurrido el 25 de junio del 2024, en la colonia Jard\u00edn 20 de Noviembre de Ciudad Madero, donde el imputado atac\u00f3 con un arma blanca a la v\u00edctima.<br \/>\nJos\u00e9 Alberto \u201cR\u201d, permanecer\u00e1 en prisi\u00f3n preventiva justificada, seg\u00fan lo estableci\u00f3 el Juzgador, quien tambi\u00e9n decret\u00f3 un plazo de tres meses para el cierre de la investigaci\u00f3n complementaria.<br \/>\nCon acciones como esta, la Fiscal\u00eda General de Justicia del Estado de Tamaulipas refrenda su compromiso de no dejar impunes los delitos que atentan contra las ni\u00f1as, ni\u00f1os y mujeres de Tamaulipas.<br \/>\nGOLPEADOR A PRISI\u00d3N CAUTELAR<br \/>\nTampico, Tamaulipas.- La Fiscal\u00eda General de Justicia del Estado de Tamaulipas obtuvo la vinculaci\u00f3n a proceso de Roberto Alejandro \u201cL\u201d, por el delito de Violencia familiar.<br \/>\nUn Juez de Control dict\u00f3 la resoluci\u00f3n, luego de que el Representante Social present\u00f3 elementos que implican al imputado en el citado delito, registrado el 22 de febrero del 2022, en la colonia Nuevo Aeropuerto, de esta ciudad.<br \/>\nEl Juzgador estableci\u00f3 prisi\u00f3n preventiva como medida cautelar y dos meses de investigaci\u00f3n complementaria.<br \/>\nLa Fiscal\u00eda General de Justicia del Estado de Tamaulipas refrenda su compromiso de no dejar impunes los delitos que atentan contra una vida libre de violencia, as\u00ed como la armon\u00eda y estabilidad en la familia.<\/p>\n","protected":false},"excerpt":{"rendered":"<p>EL SINODAL DE TAMAULIPAS Tampico, Tamaulipas.- La Fiscal\u00eda General de Justicia del Estado de Tamaulipas informa que el Agente del Ministerio P\u00fablico realiz\u00f3 las acciones jur\u00eddicas necesarias para que fuera dictada vinculaci\u00f3n a proceso en contra de Jos\u00e9 Alberto \u201cR\u201d por el delito de Feminicidio en grado de tentativa. Un Juez de Control dict\u00f3 la [&hellip;]<\/p>\n","protected":false},"author":1,"featured_media":192158,"comment_status":"closed","ping_status":"closed","sticky":false,"template":"","format":"standard","meta":{"footnotes":""},"categories":[25],"tags":[],"class_list":["post-192157","post","type-post","status-publish","format-standard","has-post-thumbnail","hentry","category-leyyorden"],"_links":{"self":[{"href":"https:\/\/www.elsinodaldetamaulipas.com.mx\/index.php?rest_route=\/wp\/v2\/posts\/192157","targetHints":{"allow":["GET"]}}],"collection":[{"href":"https:\/\/www.elsinodaldetamaulipas.com.mx\/index.php?rest_route=\/wp\/v2\/posts"}],"about":[{"href":"https:\/\/www.elsinodaldetamaulipas.com.mx\/index.php?rest_route=\/wp\/v2\/types\/post"}],"author":[{"embeddable":true,"href":"https:\/\/www.elsinodaldetamaulipas.com.mx\/index.php?rest_route=\/wp\/v2\/users\/1"}],"replies":[{"embeddable":true,"href":"https:\/\/www.elsinodaldetamaulipas.com.mx\/index.php?rest_route=%2Fwp%2Fv2%2Fcomments&post=192157"}],"version-history":[{"count":1,"href":"https:\/\/www.elsinodaldetamaulipas.com.mx\/index.php?rest_route=\/wp\/v2\/posts\/192157\/revisions"}],"predecessor-version":[{"id":192169,"href":"https:\/\/www.elsinodaldetamaulipas.com.mx\/index.php?rest_route=\/wp\/v2\/posts\/192157\/revisions\/192169"}],"wp:featuredmedia":[{"embeddable":true,"href":"https:\/\/www.elsinodaldetamaulipas.com.mx\/index.php?rest_route=\/wp\/v2\/media\/192158"}],"wp:attachment":[{"href":"https:\/\/www.elsinodaldetamaulipas.com.mx\/index.php?rest_route=%2Fwp%2Fv2%2Fmedia&parent=192157"}],"wp:term":[{"taxonomy":"category","embeddable":true,"href":"https:\/\/www.elsinodaldetamaulipas.com.mx\/index.php?rest_route=%2Fwp%2Fv2%2Fcategories&post=192157"},{"taxonomy":"post_tag","embeddable":true,"href":"https:\/\/www.elsinodaldetamaulipas.com.mx\/index.php?rest_route=%2Fwp%2Fv2%2Ftags&post=192157"}],"curies":[{"name":"wp","href":"https:\/\/api.w.org\/{rel}","templated":true}]}}