{"id":192574,"date":"2024-10-13T22:48:30","date_gmt":"2024-10-14T02:48:30","guid":{"rendered":"https:\/\/www.elsinodaldetamaulipas.com.mx\/?p=192574"},"modified":"2024-10-13T22:48:30","modified_gmt":"2024-10-14T02:48:30","slug":"prepara-la-uat-en-nuevo-laredo-congreso-internacional-de-enfermeria","status":"publish","type":"post","link":"https:\/\/www.elsinodaldetamaulipas.com.mx\/?p=192574","title":{"rendered":"PREPARA LA UAT EN NUEVO LAREDO CONGRESO INTERNACIONAL DE ENFERMERIA"},"content":{"rendered":"<p>\u2022 Tiene por objetivo impulsar la formaci\u00f3n de l\u00edderes en innovaci\u00f3n y cuidado integral de la salud de las personas.<br \/>\nLa Universidad Aut\u00f3noma de Tamaulipas (UAT) reafirma su compromiso con la formaci\u00f3n de l\u00edderes en el cuidado de la salud al organizar el IV Congreso Internacional de Enfermer\u00eda, cuya tem\u00e1tica central es la innovaci\u00f3n en la investigaci\u00f3n, promoci\u00f3n y cuidado de la salud.<br \/>\nEste evento, que se llevar\u00e1 a cabo del 4 al 6 de noviembre, es organizado por la Facultad de Enfermer\u00eda Nuevo Laredo (FENL) en el marco del sexag\u00e9simo aniversario de su fundaci\u00f3n, y resalta con ello su trayectoria en la formaci\u00f3n de profesionales altamente capacitados en el \u00e1mbito de la salud en esta regi\u00f3n fronteriza.<br \/>\nEl programa incluir\u00e1 una variedad de actividades, tales como talleres, foros, conferencias, presentaciones y ponencias, las cuales ser\u00e1n impartidas por destacados ponentes de universidades e institutos de investigaci\u00f3n del pa\u00eds, as\u00ed como del extranjero.<br \/>\nCon la creaci\u00f3n de este espacio acad\u00e9mico, la UAT no solo busca enriquecer el conocimiento y experiencia de quienes asistan, sino tambi\u00e9n disponer de un espacio que les permita establecer conexiones valiosas con profesionales del \u00e1rea de la salud, intercambiar ideas y colaborar en futuros proyectos de investigaci\u00f3n y pr\u00e1ctica.<br \/>\nDurante las diferentes actividades que comprende el congreso se abordar\u00e1n tem\u00e1ticas en innovaciones en salud y educaci\u00f3n, centr\u00e1ndose en el cuidado integral de las personas, la prevenci\u00f3n de adicciones, el uso de nuevas tecnolog\u00edas y la formaci\u00f3n de l\u00edderes para abordar estos desaf\u00edos de manera efectiva.<br \/>\nPara obtener m\u00e1s informaci\u00f3n, visitar el portal https:\/\/www.congreso-fenl-2024.com\/ o la p\u00e1gina oficial de Facebook de la Facultad de Enfermer\u00eda de Nuevo Laredo.<br \/>\nLa invitaci\u00f3n est\u00e1 abierta a estudiantes, profesionales en enfermer\u00eda e investigadores de ciencias de la salud que deseen asistir a este importante encuentro acad\u00e9mico que se desarrollar\u00e1 en las instalaciones de la propia Facultad y del Centro Cultural de Nuevo Laredo.<\/p>\n","protected":false},"excerpt":{"rendered":"<p>\u2022 Tiene por objetivo impulsar la formaci\u00f3n de l\u00edderes en innovaci\u00f3n y cuidado integral de la salud de las personas. La Universidad Aut\u00f3noma de Tamaulipas (UAT) reafirma su compromiso con la formaci\u00f3n de l\u00edderes en el cuidado de la salud al organizar el IV Congreso Internacional de Enfermer\u00eda, cuya tem\u00e1tica central es la innovaci\u00f3n en [&hellip;]<\/p>\n","protected":false},"author":1,"featured_media":192575,"comment_status":"closed","ping_status":"closed","sticky":false,"template":"","format":"standard","meta":{"footnotes":""},"categories":[26],"tags":[],"class_list":["post-192574","post","type-post","status-publish","format-standard","has-post-thumbnail","hentry","category-uat"],"_links":{"self":[{"href":"https:\/\/www.elsinodaldetamaulipas.com.mx\/index.php?rest_route=\/wp\/v2\/posts\/192574","targetHints":{"allow":["GET"]}}],"collection":[{"href":"https:\/\/www.elsinodaldetamaulipas.com.mx\/index.php?rest_route=\/wp\/v2\/posts"}],"about":[{"href":"https:\/\/www.elsinodaldetamaulipas.com.mx\/index.php?rest_route=\/wp\/v2\/types\/post"}],"author":[{"embeddable":true,"href":"https:\/\/www.elsinodaldetamaulipas.com.mx\/index.php?rest_route=\/wp\/v2\/users\/1"}],"replies":[{"embeddable":true,"href":"https:\/\/www.elsinodaldetamaulipas.com.mx\/index.php?rest_route=%2Fwp%2Fv2%2Fcomments&post=192574"}],"version-history":[{"count":1,"href":"https:\/\/www.elsinodaldetamaulipas.com.mx\/index.php?rest_route=\/wp\/v2\/posts\/192574\/revisions"}],"predecessor-version":[{"id":192576,"href":"https:\/\/www.elsinodaldetamaulipas.com.mx\/index.php?rest_route=\/wp\/v2\/posts\/192574\/revisions\/192576"}],"wp:featuredmedia":[{"embeddable":true,"href":"https:\/\/www.elsinodaldetamaulipas.com.mx\/index.php?rest_route=\/wp\/v2\/media\/192575"}],"wp:attachment":[{"href":"https:\/\/www.elsinodaldetamaulipas.com.mx\/index.php?rest_route=%2Fwp%2Fv2%2Fmedia&parent=192574"}],"wp:term":[{"taxonomy":"category","embeddable":true,"href":"https:\/\/www.elsinodaldetamaulipas.com.mx\/index.php?rest_route=%2Fwp%2Fv2%2Fcategories&post=192574"},{"taxonomy":"post_tag","embeddable":true,"href":"https:\/\/www.elsinodaldetamaulipas.com.mx\/index.php?rest_route=%2Fwp%2Fv2%2Ftags&post=192574"}],"curies":[{"name":"wp","href":"https:\/\/api.w.org\/{rel}","templated":true}]}}