{"id":194417,"date":"2024-11-09T21:36:21","date_gmt":"2024-11-10T01:36:21","guid":{"rendered":"https:\/\/www.elsinodaldetamaulipas.com.mx\/?p=194417"},"modified":"2024-11-09T21:48:25","modified_gmt":"2024-11-10T01:48:25","slug":"eclipse-de-estrellas-en-cockteleria-el-barranco-2","status":"publish","type":"post","link":"https:\/\/www.elsinodaldetamaulipas.com.mx\/?p=194417","title":{"rendered":"ECLIPSE DE ESTRELLAS EN COCKTELER\u00cdA EL BARRANCO"},"content":{"rendered":"<p>Por Juan Carlos Rodr\u00edguez Terrazas\/EL SINODAL DE TAMAULIPAS<br \/>\nReynosa., Tam.- A una semana de la celebraci\u00f3n del evento art\u00edstico en honor del arpista del grupo jarocho \u201cAlegr\u00eda Veracruzana#, V\u00edctor Manuel Luna, se siguen escuchando ecos de parte de los centenares de asistentes que acudieron al evento con causa que se celebr\u00f3 en la cockteler\u00eda El Barranco, propiedad de Sebasti\u00e1n Reyes \u201cEl Chin\u00edn\u201d.<br \/>\nComo se recordar\u00e1 el estimado maestro del arpa V\u00edctor Luna, pasa por un dif\u00edcil momento debido a una terrible enfermedad y es por ello que muchas personas unieron sus ideas para llevar a cabo la organizaci\u00f3n de un show en apoyo al maestro y su familia.<\/p>\n<p style=\"text-align: center;\"><strong>BUENA ORGANIZACI\u00d3N<\/strong><\/p>\n<p><img loading=\"lazy\" decoding=\"async\" class=\"aligncenter wp-image-194419 size-large\" src=\"https:\/\/www.elsinodaldetamaulipas.com.mx\/wp-content\/uploads\/2024\/11\/Screenshot_20241109_190104_Microsoft-365-Office-1024x555.jpg\" alt=\"\" width=\"640\" height=\"347\" srcset=\"https:\/\/www.elsinodaldetamaulipas.com.mx\/wp-content\/uploads\/2024\/11\/Screenshot_20241109_190104_Microsoft-365-Office-1024x555.jpg 1024w, https:\/\/www.elsinodaldetamaulipas.com.mx\/wp-content\/uploads\/2024\/11\/Screenshot_20241109_190104_Microsoft-365-Office-300x163.jpg 300w, https:\/\/www.elsinodaldetamaulipas.com.mx\/wp-content\/uploads\/2024\/11\/Screenshot_20241109_190104_Microsoft-365-Office-768x416.jpg 768w, https:\/\/www.elsinodaldetamaulipas.com.mx\/wp-content\/uploads\/2024\/11\/Screenshot_20241109_190104_Microsoft-365-Office-1536x832.jpg 1536w, https:\/\/www.elsinodaldetamaulipas.com.mx\/wp-content\/uploads\/2024\/11\/Screenshot_20241109_190104_Microsoft-365-Office.jpg 1993w\" sizes=\"auto, (max-width: 640px) 100vw, 640px\" \/><br \/>\nFue el pasado domingo 3 de noviembre cuando la hermandad musical se uni\u00f3 para darle forma al evento gracias a la iniciativa de gente como Jos\u00e9 Evenor Morales Prado, Secretario General del Sindicato de Cancioneros, Guitarristas, Mariachis, Conjuntos Regionales y Similares Secci\u00f3n 71 del municipio de Reynosa, y el director musical del Trio \u201cLos Leos\u201d, Helio P\u00e9rez V\u00e1zquez, que tuvieron el solidario apoyo de sus pares.<\/p>\n<p><img loading=\"lazy\" decoding=\"async\" class=\"aligncenter wp-image-194420 size-large\" src=\"https:\/\/www.elsinodaldetamaulipas.com.mx\/wp-content\/uploads\/2024\/11\/Screenshot_20241109_190353_Microsoft-365-Office-1024x556.jpg\" alt=\"\" width=\"640\" height=\"348\" srcset=\"https:\/\/www.elsinodaldetamaulipas.com.mx\/wp-content\/uploads\/2024\/11\/Screenshot_20241109_190353_Microsoft-365-Office-1024x556.jpg 1024w, https:\/\/www.elsinodaldetamaulipas.com.mx\/wp-content\/uploads\/2024\/11\/Screenshot_20241109_190353_Microsoft-365-Office-300x163.jpg 300w, https:\/\/www.elsinodaldetamaulipas.com.mx\/wp-content\/uploads\/2024\/11\/Screenshot_20241109_190353_Microsoft-365-Office-768x417.jpg 768w, https:\/\/www.elsinodaldetamaulipas.com.mx\/wp-content\/uploads\/2024\/11\/Screenshot_20241109_190353_Microsoft-365-Office-1536x834.jpg 1536w, https:\/\/www.elsinodaldetamaulipas.com.mx\/wp-content\/uploads\/2024\/11\/Screenshot_20241109_190353_Microsoft-365-Office.jpg 1988w\" sizes=\"auto, (max-width: 640px) 100vw, 640px\" \/><br \/>\nDe esta forma en El Barranco, empezaron a fluir las voces de una gran constelaci\u00f3n de estrellas desde la 1 de la tarde hasta pasadas las 12 de la noche, cruzando por el escenario, gente como el Trio Los Elegantes; el imitador de las estrellas \u201cEl Tigre de Reynosa\u201d; el Trio Los Leos que dieron brillantez a la tertulia que se convirti\u00f3 en toda en una grata festividad en el que la animaci\u00f3n estuvo a cargo del locutor Roberto Carlos \u201cEl Escandalo\u201d.<\/p>\n<p style=\"text-align: center;\"><strong>AGLAE MAGN\u00cdFICA<\/strong><\/p>\n<p><img loading=\"lazy\" decoding=\"async\" class=\"aligncenter wp-image-194421 size-large\" src=\"https:\/\/www.elsinodaldetamaulipas.com.mx\/wp-content\/uploads\/2024\/11\/Screenshot_20241109_190137_Microsoft-365-Office-1024x558.jpg\" alt=\"\" width=\"640\" height=\"349\" srcset=\"https:\/\/www.elsinodaldetamaulipas.com.mx\/wp-content\/uploads\/2024\/11\/Screenshot_20241109_190137_Microsoft-365-Office-1024x558.jpg 1024w, https:\/\/www.elsinodaldetamaulipas.com.mx\/wp-content\/uploads\/2024\/11\/Screenshot_20241109_190137_Microsoft-365-Office-300x163.jpg 300w, https:\/\/www.elsinodaldetamaulipas.com.mx\/wp-content\/uploads\/2024\/11\/Screenshot_20241109_190137_Microsoft-365-Office-768x418.jpg 768w, https:\/\/www.elsinodaldetamaulipas.com.mx\/wp-content\/uploads\/2024\/11\/Screenshot_20241109_190137_Microsoft-365-Office-1536x837.jpg 1536w, https:\/\/www.elsinodaldetamaulipas.com.mx\/wp-content\/uploads\/2024\/11\/Screenshot_20241109_190137_Microsoft-365-Office.jpg 1982w\" sizes=\"auto, (max-width: 640px) 100vw, 640px\" \/><br \/>\nEn el escenario tambi\u00e9n se cont\u00f3 con la participaci\u00f3n de la m\u00e1xima exponente de la canci\u00f3n ranchera de renombre nacional Aglae Salinas, quien fue acompa\u00f1ada por el mariachi Los Camperos cantando varios de sus m\u00e1s sonados \u00e9xitos que fueron muy aclamados por las familias asistentes.<br \/>\nDespu\u00e9s llegaron a armarla en grande los integrantes del Trio Los Elegantes de Javier Arag\u00f3n con gratos \u00e9xitos de ayer y hoy.<\/p>\n<p style=\"text-align: center;\"><strong>CUMBIA Y SABOR<\/strong><\/p>\n<p><img loading=\"lazy\" decoding=\"async\" class=\"aligncenter wp-image-194422 size-large\" src=\"https:\/\/www.elsinodaldetamaulipas.com.mx\/wp-content\/uploads\/2024\/11\/Screenshot_20241109_190216_Microsoft-365-Office-1024x557.jpg\" alt=\"\" width=\"640\" height=\"348\" srcset=\"https:\/\/www.elsinodaldetamaulipas.com.mx\/wp-content\/uploads\/2024\/11\/Screenshot_20241109_190216_Microsoft-365-Office-1024x557.jpg 1024w, https:\/\/www.elsinodaldetamaulipas.com.mx\/wp-content\/uploads\/2024\/11\/Screenshot_20241109_190216_Microsoft-365-Office-300x163.jpg 300w, https:\/\/www.elsinodaldetamaulipas.com.mx\/wp-content\/uploads\/2024\/11\/Screenshot_20241109_190216_Microsoft-365-Office-768x418.jpg 768w, https:\/\/www.elsinodaldetamaulipas.com.mx\/wp-content\/uploads\/2024\/11\/Screenshot_20241109_190216_Microsoft-365-Office-1536x835.jpg 1536w, https:\/\/www.elsinodaldetamaulipas.com.mx\/wp-content\/uploads\/2024\/11\/Screenshot_20241109_190216_Microsoft-365-Office.jpg 1986w\" sizes=\"auto, (max-width: 640px) 100vw, 640px\" \/><br \/>\n\u201cLos Reyes de Colombia\u201d expusieron su show musical cumbiambero y ballenato de primera l\u00ednea, haciendo bailar a los asistentes y un sin fin de artistas m\u00e1s que le dieron un toque m\u00e1gico al inolvidable encuentro de ases musicales.<br \/>\nLa guapa Yenny Reyes, una de las voces y armon\u00eda de \u201cAlegr\u00eda Veracruzana\u201d, junto a integrantes de la familia de V\u00edctor Luna y miembros de la Secci\u00f3n 71, realizaron la rifa de importantes art\u00edculos entre ellos pantallas, despensas para el hogar; vales con charolas de pescado y mariscos, botellas de wishky y hasta vales para licencias de manejar permanentes que fueron entregadas por patrocinadores como, el licenciado Marcelo Ol\u00e1n Mendoza, jefe de la Oficina Fiscal del Estado; Pescader\u00eda El Huachinango y muchas otras personas que desde el anonimato apoyaron la noble acci\u00f3n.<\/p>\n<p style=\"text-align: center;\"><strong>ANFITRI\u00d3N SE LUCI\u00d3<\/strong><\/p>\n<p><img loading=\"lazy\" decoding=\"async\" class=\"aligncenter wp-image-194423 size-large\" src=\"https:\/\/www.elsinodaldetamaulipas.com.mx\/wp-content\/uploads\/2024\/11\/Screenshot_20241109_190236_Microsoft-365-Office-1024x562.jpg\" alt=\"\" width=\"640\" height=\"351\" srcset=\"https:\/\/www.elsinodaldetamaulipas.com.mx\/wp-content\/uploads\/2024\/11\/Screenshot_20241109_190236_Microsoft-365-Office-1024x562.jpg 1024w, https:\/\/www.elsinodaldetamaulipas.com.mx\/wp-content\/uploads\/2024\/11\/Screenshot_20241109_190236_Microsoft-365-Office-300x165.jpg 300w, https:\/\/www.elsinodaldetamaulipas.com.mx\/wp-content\/uploads\/2024\/11\/Screenshot_20241109_190236_Microsoft-365-Office-768x421.jpg 768w, https:\/\/www.elsinodaldetamaulipas.com.mx\/wp-content\/uploads\/2024\/11\/Screenshot_20241109_190236_Microsoft-365-Office-1536x842.jpg 1536w, https:\/\/www.elsinodaldetamaulipas.com.mx\/wp-content\/uploads\/2024\/11\/Screenshot_20241109_190236_Microsoft-365-Office.jpg 1969w\" sizes=\"auto, (max-width: 640px) 100vw, 640px\" \/><br \/>\nSebasti\u00e1n Reyes, el popular \u201cChin\u00edn\u201d por su parte, ech\u00f3 la casa por la ventana obsequiando una serie de exquisitos manjares del mar a su paladar, en una arm\u00f3nica convivencia, toda ella a beneficio del buen amigo V\u00edctor, ahora en desgracia, pero que encontr\u00f3 en la solidaridad de sus clientes y sus colegas m\u00fasicos y empresarios del medio restaurantero para sufragar en parte las m\u00e1s apremiantes necesidades del hogar en tanto mejora su quebrantada salud.<br \/>\nNo puede pasarse por alto la labor de organizaci\u00f3n de otros generadores del proyecto que, debido sus compromisos, no pudieron estar presentes, pero de cualquier forma se agradece su empat\u00eda con la familia del maestro homenajeado.<\/p>\n","protected":false},"excerpt":{"rendered":"<p>Por Juan Carlos Rodr\u00edguez Terrazas\/EL SINODAL DE TAMAULIPAS Reynosa., Tam.- A una semana de la celebraci\u00f3n del evento art\u00edstico en honor del arpista del grupo jarocho \u201cAlegr\u00eda Veracruzana#, V\u00edctor Manuel Luna, se siguen escuchando ecos de parte de los centenares de asistentes que acudieron al evento con causa que se celebr\u00f3 en la cockteler\u00eda El [&hellip;]<\/p>\n","protected":false},"author":1,"featured_media":194418,"comment_status":"closed","ping_status":"closed","sticky":false,"template":"","format":"standard","meta":{"footnotes":""},"categories":[1,2],"tags":[],"class_list":["post-194417","post","type-post","status-publish","format-standard","has-post-thumbnail","hentry","category-portada","category-reynosa"],"_links":{"self":[{"href":"https:\/\/www.elsinodaldetamaulipas.com.mx\/index.php?rest_route=\/wp\/v2\/posts\/194417","targetHints":{"allow":["GET"]}}],"collection":[{"href":"https:\/\/www.elsinodaldetamaulipas.com.mx\/index.php?rest_route=\/wp\/v2\/posts"}],"about":[{"href":"https:\/\/www.elsinodaldetamaulipas.com.mx\/index.php?rest_route=\/wp\/v2\/types\/post"}],"author":[{"embeddable":true,"href":"https:\/\/www.elsinodaldetamaulipas.com.mx\/index.php?rest_route=\/wp\/v2\/users\/1"}],"replies":[{"embeddable":true,"href":"https:\/\/www.elsinodaldetamaulipas.com.mx\/index.php?rest_route=%2Fwp%2Fv2%2Fcomments&post=194417"}],"version-history":[{"count":2,"href":"https:\/\/www.elsinodaldetamaulipas.com.mx\/index.php?rest_route=\/wp\/v2\/posts\/194417\/revisions"}],"predecessor-version":[{"id":194425,"href":"https:\/\/www.elsinodaldetamaulipas.com.mx\/index.php?rest_route=\/wp\/v2\/posts\/194417\/revisions\/194425"}],"wp:featuredmedia":[{"embeddable":true,"href":"https:\/\/www.elsinodaldetamaulipas.com.mx\/index.php?rest_route=\/wp\/v2\/media\/194418"}],"wp:attachment":[{"href":"https:\/\/www.elsinodaldetamaulipas.com.mx\/index.php?rest_route=%2Fwp%2Fv2%2Fmedia&parent=194417"}],"wp:term":[{"taxonomy":"category","embeddable":true,"href":"https:\/\/www.elsinodaldetamaulipas.com.mx\/index.php?rest_route=%2Fwp%2Fv2%2Fcategories&post=194417"},{"taxonomy":"post_tag","embeddable":true,"href":"https:\/\/www.elsinodaldetamaulipas.com.mx\/index.php?rest_route=%2Fwp%2Fv2%2Ftags&post=194417"}],"curies":[{"name":"wp","href":"https:\/\/api.w.org\/{rel}","templated":true}]}}