{"id":194430,"date":"2024-11-10T19:12:46","date_gmt":"2024-11-10T23:12:46","guid":{"rendered":"https:\/\/www.elsinodaldetamaulipas.com.mx\/?p=194430"},"modified":"2024-11-10T19:12:46","modified_gmt":"2024-11-10T23:12:46","slug":"dictan-prision-justificada-a-acusado-de-violador-el-sinosal-de-tamaulipas","status":"publish","type":"post","link":"https:\/\/www.elsinodaldetamaulipas.com.mx\/?p=194430","title":{"rendered":"DICTAN PRISI\u00d3N JUSTIFICADA A ACUSADO DE VIOLADOR EL SINOSAL DE TAMAULIPAS"},"content":{"rendered":"<p>EL SINODAL DE TAMAULIPAS<\/p>\n<p>Ciudad Victoria, Tamaulipas. \u2013 La Fiscal\u00eda General de Justicia del Estado de Tamaulipas informa que, el Agente del Ministerio P\u00fablico obtuvo vinculaci\u00f3n a proceso en contra de Juan Pablo \u201cM\u201d, por el delito de Violaci\u00f3n Agravada.<br \/>\nUn Juez de Control emiti\u00f3 la resoluci\u00f3n, luego de que la Representante Social presentara elementos que muestran la probable participaci\u00f3n de Juan Pablo \u201cM\u201d, en el citado delito, registrado el 4 de agosto de 2024, en un ejido del municipio de Tula.<br \/>\nEl Juez estableci\u00f3 como medida cautelar, prisi\u00f3n preventiva justificada y cuatro meses de investigaci\u00f3n complementaria.<br \/>\nLa Fiscal\u00eda General de Justicia del Estado de Tamaulipas refrenda su compromiso de no dejar impunes los delitos que atentan contra la integridad y la seguridad de las personas, especialmente de los menores de edad.<\/p>\n<p>Ciudad Victoria, Tamaulipas. \u2013 La Fiscal\u00eda General de Justicia del Estado de Tamaulipas informa que el Agente del Ministerio P\u00fablico realiz\u00f3 las acciones jur\u00eddicas necesarias para que fuera dictada vinculaci\u00f3n a proceso en contra de Andr\u00e9s \u201cD\u201d, por el delito de Abuso de Confianza.<br \/>\nUn Juez, tras valorar las pruebas presentadas por el Ministerio P\u00fablico, determin\u00f3 que existen elementos suficientes para considerar la probable participaci\u00f3n del imputado en el delito ocurrido el 21 de octubre de 2024, en la colonia Miguel Alem\u00e1n de esta ciudad.<br \/>\nEl juzgador otorg\u00f3 un plazo de tres meses para la investigaci\u00f3n complementaria.<br \/>\nLa Fiscal\u00eda General de Justicia del Estado de Tamaulipas refrenda su compromiso de no permitir impunidad y garantizar una reparaci\u00f3n integral del da\u00f1o a las v\u00edctimas del delito.<\/p>\n","protected":false},"excerpt":{"rendered":"<p>EL SINODAL DE TAMAULIPAS Ciudad Victoria, Tamaulipas. \u2013 La Fiscal\u00eda General de Justicia del Estado de Tamaulipas informa que, el Agente del Ministerio P\u00fablico obtuvo vinculaci\u00f3n a proceso en contra de Juan Pablo \u201cM\u201d, por el delito de Violaci\u00f3n Agravada. Un Juez de Control emiti\u00f3 la resoluci\u00f3n, luego de que la Representante Social presentara elementos [&hellip;]<\/p>\n","protected":false},"author":1,"featured_media":194431,"comment_status":"closed","ping_status":"closed","sticky":false,"template":"","format":"standard","meta":{"footnotes":""},"categories":[25],"tags":[],"class_list":["post-194430","post","type-post","status-publish","format-standard","has-post-thumbnail","hentry","category-leyyorden"],"_links":{"self":[{"href":"https:\/\/www.elsinodaldetamaulipas.com.mx\/index.php?rest_route=\/wp\/v2\/posts\/194430","targetHints":{"allow":["GET"]}}],"collection":[{"href":"https:\/\/www.elsinodaldetamaulipas.com.mx\/index.php?rest_route=\/wp\/v2\/posts"}],"about":[{"href":"https:\/\/www.elsinodaldetamaulipas.com.mx\/index.php?rest_route=\/wp\/v2\/types\/post"}],"author":[{"embeddable":true,"href":"https:\/\/www.elsinodaldetamaulipas.com.mx\/index.php?rest_route=\/wp\/v2\/users\/1"}],"replies":[{"embeddable":true,"href":"https:\/\/www.elsinodaldetamaulipas.com.mx\/index.php?rest_route=%2Fwp%2Fv2%2Fcomments&post=194430"}],"version-history":[{"count":1,"href":"https:\/\/www.elsinodaldetamaulipas.com.mx\/index.php?rest_route=\/wp\/v2\/posts\/194430\/revisions"}],"predecessor-version":[{"id":194436,"href":"https:\/\/www.elsinodaldetamaulipas.com.mx\/index.php?rest_route=\/wp\/v2\/posts\/194430\/revisions\/194436"}],"wp:featuredmedia":[{"embeddable":true,"href":"https:\/\/www.elsinodaldetamaulipas.com.mx\/index.php?rest_route=\/wp\/v2\/media\/194431"}],"wp:attachment":[{"href":"https:\/\/www.elsinodaldetamaulipas.com.mx\/index.php?rest_route=%2Fwp%2Fv2%2Fmedia&parent=194430"}],"wp:term":[{"taxonomy":"category","embeddable":true,"href":"https:\/\/www.elsinodaldetamaulipas.com.mx\/index.php?rest_route=%2Fwp%2Fv2%2Fcategories&post=194430"},{"taxonomy":"post_tag","embeddable":true,"href":"https:\/\/www.elsinodaldetamaulipas.com.mx\/index.php?rest_route=%2Fwp%2Fv2%2Ftags&post=194430"}],"curies":[{"name":"wp","href":"https:\/\/api.w.org\/{rel}","templated":true}]}}