{"id":194437,"date":"2024-11-10T19:13:53","date_gmt":"2024-11-10T23:13:53","guid":{"rendered":"https:\/\/www.elsinodaldetamaulipas.com.mx\/?p=194437"},"modified":"2024-11-10T19:13:53","modified_gmt":"2024-11-10T23:13:53","slug":"senalado-por-lesiones-vinculado-a-proceso","status":"publish","type":"post","link":"https:\/\/www.elsinodaldetamaulipas.com.mx\/?p=194437","title":{"rendered":"SE\u00d1ALADO POR LESIONES VINCULADO A PROCESO"},"content":{"rendered":"<p>EL SINODAL DE TAMAULIPAS<br \/>\nTampico, Tamaulipas. \u2013 La Fiscal\u00eda General de Justicia del Estado de Tamaulipas informa que Antonio \u201cH\u201d fue vinculado a proceso por el delito de Lesiones.<br \/>\nUn Juez emiti\u00f3 la resoluci\u00f3n, luego de que la Representante Social, presentara elementos que implican al imputado en el citado delito, registrado el 13 de octubre de 2024, en la colonia Carrillo Puerto del municipio de Altamira, donde el imputado agredi\u00f3 f\u00edsicamente a la v\u00edctima, caus\u00e1ndole lesiones.<br \/>\nEl Juzgador estableci\u00f3 como medida cautelar, prisi\u00f3n preventiva justificada y cuatro meses de investigaci\u00f3n complementaria.<br \/>\nCon este tipo de acciones, la Fiscal\u00eda General de Justicia del Estado de Tamaulipas refrenda su compromiso de trabajar para no dejar impunes los delitos que atentan contra la vida e integridad de los tamaulipecos.<\/p>\n","protected":false},"excerpt":{"rendered":"<p>EL SINODAL DE TAMAULIPAS Tampico, Tamaulipas. \u2013 La Fiscal\u00eda General de Justicia del Estado de Tamaulipas informa que Antonio \u201cH\u201d fue vinculado a proceso por el delito de Lesiones. Un Juez emiti\u00f3 la resoluci\u00f3n, luego de que la Representante Social, presentara elementos que implican al imputado en el citado delito, registrado el 13 de octubre [&hellip;]<\/p>\n","protected":false},"author":1,"featured_media":194432,"comment_status":"closed","ping_status":"closed","sticky":false,"template":"","format":"standard","meta":{"footnotes":""},"categories":[25],"tags":[],"class_list":["post-194437","post","type-post","status-publish","format-standard","has-post-thumbnail","hentry","category-leyyorden"],"_links":{"self":[{"href":"https:\/\/www.elsinodaldetamaulipas.com.mx\/index.php?rest_route=\/wp\/v2\/posts\/194437","targetHints":{"allow":["GET"]}}],"collection":[{"href":"https:\/\/www.elsinodaldetamaulipas.com.mx\/index.php?rest_route=\/wp\/v2\/posts"}],"about":[{"href":"https:\/\/www.elsinodaldetamaulipas.com.mx\/index.php?rest_route=\/wp\/v2\/types\/post"}],"author":[{"embeddable":true,"href":"https:\/\/www.elsinodaldetamaulipas.com.mx\/index.php?rest_route=\/wp\/v2\/users\/1"}],"replies":[{"embeddable":true,"href":"https:\/\/www.elsinodaldetamaulipas.com.mx\/index.php?rest_route=%2Fwp%2Fv2%2Fcomments&post=194437"}],"version-history":[{"count":1,"href":"https:\/\/www.elsinodaldetamaulipas.com.mx\/index.php?rest_route=\/wp\/v2\/posts\/194437\/revisions"}],"predecessor-version":[{"id":194438,"href":"https:\/\/www.elsinodaldetamaulipas.com.mx\/index.php?rest_route=\/wp\/v2\/posts\/194437\/revisions\/194438"}],"wp:featuredmedia":[{"embeddable":true,"href":"https:\/\/www.elsinodaldetamaulipas.com.mx\/index.php?rest_route=\/wp\/v2\/media\/194432"}],"wp:attachment":[{"href":"https:\/\/www.elsinodaldetamaulipas.com.mx\/index.php?rest_route=%2Fwp%2Fv2%2Fmedia&parent=194437"}],"wp:term":[{"taxonomy":"category","embeddable":true,"href":"https:\/\/www.elsinodaldetamaulipas.com.mx\/index.php?rest_route=%2Fwp%2Fv2%2Fcategories&post=194437"},{"taxonomy":"post_tag","embeddable":true,"href":"https:\/\/www.elsinodaldetamaulipas.com.mx\/index.php?rest_route=%2Fwp%2Fv2%2Ftags&post=194437"}],"curies":[{"name":"wp","href":"https:\/\/api.w.org\/{rel}","templated":true}]}}