{"id":194647,"date":"2024-11-12T14:10:27","date_gmt":"2024-11-12T18:10:27","guid":{"rendered":"https:\/\/www.elsinodaldetamaulipas.com.mx\/?p=194647"},"modified":"2024-11-12T14:10:27","modified_gmt":"2024-11-12T18:10:27","slug":"arath-de-la-torre-se-sometera-a-cirugia","status":"publish","type":"post","link":"https:\/\/www.elsinodaldetamaulipas.com.mx\/?p=194647","title":{"rendered":"ARATH DE LA TORRE SE SOMETERA A CIRUGIA"},"content":{"rendered":"<p>Arath de la Torre, conocido conductor del \u201cprograma Hoy\u201d, anunci\u00f3 a sus seguidores en Instagram que se someter\u00e1 a una cirug\u00eda en la pierna tras una ca\u00edda que sufri\u00f3 durante la segunda temporada de \u201cLa Casa de los Famosos M\u00e9xico\u201d, donde finaliz\u00f3 en cuarto lugar.<\/p>\n<p>Hace unas horas, el conductor public\u00f3 un mensaje que r\u00e1pidamente se viraliz\u00f3, informando que la ca\u00edda le provoc\u00f3 la ruptura de ligamentos<\/p>\n<p>En su post, acompa\u00f1ado de im\u00e1genes de la ca\u00edda y su recuperaci\u00f3n, escribi\u00f3:\u00a0<em>\u201c<\/em>Se confirma la cirug\u00eda programada. Ruptura de ligamentos incluyendo el peroneo astragalino anterior\u201d.<\/p>\n<p>Arath tambi\u00e9n dej\u00f3 claro que, a pesar de la cirug\u00eda, mantendr\u00e1 sus compromisos en teatro. \u201cNo cancelar\u00e9 las funciones de teatro y con cuidados exhaustivos y medicamentos tratar de controlar el dolor. El show debe de continuar\u201d, a\u00f1adi\u00f3 en su mensaje.<\/p>\n<p>Este 2024 ha sido un a\u00f1o de grandes logros para Arath de la Torre, quien, adem\u00e1s de su destacada participaci\u00f3n en el reality, contin\u00faa como conductor en el \u201cprograma Hoy\u201d. Tambi\u00e9n lidera las obras \u201cLa se\u00f1ora presidenta\u201d y \u201cLos marihuan\u00f3logos\u201d, consolid\u00e1ndose como una de las figuras m\u00e1s activas en el mundo del espect\u00e1culo.<\/p>\n","protected":false},"excerpt":{"rendered":"<p>Arath de la Torre, conocido conductor del \u201cprograma Hoy\u201d, anunci\u00f3 a sus seguidores en Instagram que se someter\u00e1 a una cirug\u00eda en la pierna tras una ca\u00edda que sufri\u00f3 durante la segunda temporada de \u201cLa Casa de los Famosos M\u00e9xico\u201d, donde finaliz\u00f3 en cuarto lugar. Hace unas horas, el conductor public\u00f3 un mensaje que r\u00e1pidamente [&hellip;]<\/p>\n","protected":false},"author":1,"featured_media":194648,"comment_status":"closed","ping_status":"closed","sticky":false,"template":"","format":"standard","meta":{"footnotes":""},"categories":[15],"tags":[],"class_list":["post-194647","post","type-post","status-publish","format-standard","has-post-thumbnail","hentry","category-espectaculos"],"_links":{"self":[{"href":"https:\/\/www.elsinodaldetamaulipas.com.mx\/index.php?rest_route=\/wp\/v2\/posts\/194647","targetHints":{"allow":["GET"]}}],"collection":[{"href":"https:\/\/www.elsinodaldetamaulipas.com.mx\/index.php?rest_route=\/wp\/v2\/posts"}],"about":[{"href":"https:\/\/www.elsinodaldetamaulipas.com.mx\/index.php?rest_route=\/wp\/v2\/types\/post"}],"author":[{"embeddable":true,"href":"https:\/\/www.elsinodaldetamaulipas.com.mx\/index.php?rest_route=\/wp\/v2\/users\/1"}],"replies":[{"embeddable":true,"href":"https:\/\/www.elsinodaldetamaulipas.com.mx\/index.php?rest_route=%2Fwp%2Fv2%2Fcomments&post=194647"}],"version-history":[{"count":1,"href":"https:\/\/www.elsinodaldetamaulipas.com.mx\/index.php?rest_route=\/wp\/v2\/posts\/194647\/revisions"}],"predecessor-version":[{"id":194649,"href":"https:\/\/www.elsinodaldetamaulipas.com.mx\/index.php?rest_route=\/wp\/v2\/posts\/194647\/revisions\/194649"}],"wp:featuredmedia":[{"embeddable":true,"href":"https:\/\/www.elsinodaldetamaulipas.com.mx\/index.php?rest_route=\/wp\/v2\/media\/194648"}],"wp:attachment":[{"href":"https:\/\/www.elsinodaldetamaulipas.com.mx\/index.php?rest_route=%2Fwp%2Fv2%2Fmedia&parent=194647"}],"wp:term":[{"taxonomy":"category","embeddable":true,"href":"https:\/\/www.elsinodaldetamaulipas.com.mx\/index.php?rest_route=%2Fwp%2Fv2%2Fcategories&post=194647"},{"taxonomy":"post_tag","embeddable":true,"href":"https:\/\/www.elsinodaldetamaulipas.com.mx\/index.php?rest_route=%2Fwp%2Fv2%2Ftags&post=194647"}],"curies":[{"name":"wp","href":"https:\/\/api.w.org\/{rel}","templated":true}]}}