{"id":194713,"date":"2024-11-13T01:23:41","date_gmt":"2024-11-13T05:23:41","guid":{"rendered":"https:\/\/www.elsinodaldetamaulipas.com.mx\/?p=194713"},"modified":"2024-11-13T01:23:41","modified_gmt":"2024-11-13T05:23:41","slug":"uat-y-ayuntamiento-de-tampico-suman-esfuerzos-para-bienestar-social","status":"publish","type":"post","link":"https:\/\/www.elsinodaldetamaulipas.com.mx\/?p=194713","title":{"rendered":"UAT Y AYUNTAMIENTO DE TAMPICO SUMAN ESFUERZOS PARA BIENESTAR SOCIAL"},"content":{"rendered":"<p>La UAT y el Ayuntamiento de Tampico suman esfuerzos para el bienestar social<br \/>\nLa Universidad Aut\u00f3noma de Tamaulipas (UAT) y el Ayuntamiento de Tampico formalizaron la colaboraci\u00f3n en proyectos conjuntos en beneficio de la comunidad, y el compromiso de sumar sus fortalezas para contribuir a consolidar la transformaci\u00f3n de Tamaulipas.<br \/>\nLo anterior se puso de relieve en el convenio que firmaron el rector de la UAT, D\u00e1maso Anaya Alvarado y la alcaldesa de Tampico, M\u00f3nica Villarreal Anaya, para impulsar la colaboraci\u00f3n en materia acad\u00e9mica, de investigaci\u00f3n y desarrollo social.<br \/>\nEn su mensaje, el rector D\u00e1maso Anaya agradeci\u00f3 a la alcaldesa por confiar en la UAT y sumar el trabajo de los universitarios en los grandes proyectos que est\u00e1 impulsando para la transformaci\u00f3n de Tampico y el bienestar de la comunidad.<br \/>\nSe\u00f1al\u00f3 que la Universidad pone a disposici\u00f3n del Ayuntamiento de Tampico su investigaci\u00f3n aplicada para contribuir en \u00e1reas como el medioambiente, la energ\u00eda, la ingenier\u00eda y la salud, adem\u00e1s de propuestas para el desarrollo sustentable.<br \/>\nRefiri\u00f3 tambi\u00e9n la colaboraci\u00f3n en otras \u00e1reas como son la modernizaci\u00f3n urban\u00edstica, la conservaci\u00f3n y difusi\u00f3n del patrimonio cultural, estrategias de impulso al turismo y programas de capacitaci\u00f3n y actualizaci\u00f3n en la administraci\u00f3n p\u00fablica, colaborando en las acciones que promueve el ayuntamiento para mejorar el bienestar de la poblaci\u00f3n.<br \/>\nPor su parte, la alcaldesa M\u00f3nica Villarreal agradeci\u00f3 al rector de la UAT por esta colaboraci\u00f3n en la que se comparte la visi\u00f3n humanista y transformadora del gobernador Am\u00e9rico Villarreal Anaya.<br \/>\nReconoci\u00f3 tambi\u00e9n la colaboraci\u00f3n de las facultades de la UAT en la zona sur, y asegur\u00f3 que este convenio es un paso m\u00e1s hacia la construcci\u00f3n de una ciudad con m\u00e1s oportunidades, prosperidad compartida y bienestar para las familias, y una muestra de c\u00f3mo la academia puede aportarle a la sociedad.<br \/>\nINICIA EL PROGRAMA \u201cSONRISAS DEL BIENESTAR\u201d Y CLINICA DENTAL<br \/>\nM\u00e1s adelante, D\u00e1maso Anaya y M\u00f3nica Villarreal pusieron en marcha el programa \u201cSonrisas del Bienestar\u201d y la Cl\u00ednica Dental que ofrecer\u00e1n diversos servicios de salud bucodental en beneficio de la ni\u00f1ez y los adultos mayores de las zonas m\u00e1s vulnerables del puerto de Tampico.<br \/>\nDurante el evento, se cont\u00f3 con la presencia de la Directora del DIF Tampico, Luz Adriana Villarreal Anaya; del secretario del Ayuntamiento, Carlos Garc\u00eda Porres; y la Segunda Sindica, Laura Elena Ram\u00edrez S\u00e1nchez, entre otras autoridades municipales, as\u00ed como directores de las facultades y funcionarios de la UAT.<\/p>\n<p><img loading=\"lazy\" decoding=\"async\" class=\"aligncenter wp-image-194716 size-large\" src=\"https:\/\/www.elsinodaldetamaulipas.com.mx\/wp-content\/uploads\/2024\/11\/465557724_1001105772031579_8647220976625132111_n-1024x683.jpg\" alt=\"\" width=\"640\" height=\"427\" srcset=\"https:\/\/www.elsinodaldetamaulipas.com.mx\/wp-content\/uploads\/2024\/11\/465557724_1001105772031579_8647220976625132111_n-1024x683.jpg 1024w, https:\/\/www.elsinodaldetamaulipas.com.mx\/wp-content\/uploads\/2024\/11\/465557724_1001105772031579_8647220976625132111_n-300x200.jpg 300w, https:\/\/www.elsinodaldetamaulipas.com.mx\/wp-content\/uploads\/2024\/11\/465557724_1001105772031579_8647220976625132111_n-768x512.jpg 768w, https:\/\/www.elsinodaldetamaulipas.com.mx\/wp-content\/uploads\/2024\/11\/465557724_1001105772031579_8647220976625132111_n.jpg 1500w\" sizes=\"auto, (max-width: 640px) 100vw, 640px\" \/><\/p>\n<p><img loading=\"lazy\" decoding=\"async\" class=\"aligncenter wp-image-194715 size-large\" src=\"https:\/\/www.elsinodaldetamaulipas.com.mx\/wp-content\/uploads\/2024\/11\/465572995_1001105762031580_5675048782290808596_n-1024x683.jpg\" alt=\"\" width=\"640\" height=\"427\" srcset=\"https:\/\/www.elsinodaldetamaulipas.com.mx\/wp-content\/uploads\/2024\/11\/465572995_1001105762031580_5675048782290808596_n-1024x683.jpg 1024w, https:\/\/www.elsinodaldetamaulipas.com.mx\/wp-content\/uploads\/2024\/11\/465572995_1001105762031580_5675048782290808596_n-300x200.jpg 300w, https:\/\/www.elsinodaldetamaulipas.com.mx\/wp-content\/uploads\/2024\/11\/465572995_1001105762031580_5675048782290808596_n-768x512.jpg 768w, https:\/\/www.elsinodaldetamaulipas.com.mx\/wp-content\/uploads\/2024\/11\/465572995_1001105762031580_5675048782290808596_n.jpg 1500w\" sizes=\"auto, (max-width: 640px) 100vw, 640px\" \/><\/p>\n","protected":false},"excerpt":{"rendered":"<p>La UAT y el Ayuntamiento de Tampico suman esfuerzos para el bienestar social La Universidad Aut\u00f3noma de Tamaulipas (UAT) y el Ayuntamiento de Tampico formalizaron la colaboraci\u00f3n en proyectos conjuntos en beneficio de la comunidad, y el compromiso de sumar sus fortalezas para contribuir a consolidar la transformaci\u00f3n de Tamaulipas. Lo anterior se puso de [&hellip;]<\/p>\n","protected":false},"author":1,"featured_media":194717,"comment_status":"closed","ping_status":"closed","sticky":false,"template":"","format":"standard","meta":{"footnotes":""},"categories":[26],"tags":[],"class_list":["post-194713","post","type-post","status-publish","format-standard","has-post-thumbnail","hentry","category-uat"],"_links":{"self":[{"href":"https:\/\/www.elsinodaldetamaulipas.com.mx\/index.php?rest_route=\/wp\/v2\/posts\/194713","targetHints":{"allow":["GET"]}}],"collection":[{"href":"https:\/\/www.elsinodaldetamaulipas.com.mx\/index.php?rest_route=\/wp\/v2\/posts"}],"about":[{"href":"https:\/\/www.elsinodaldetamaulipas.com.mx\/index.php?rest_route=\/wp\/v2\/types\/post"}],"author":[{"embeddable":true,"href":"https:\/\/www.elsinodaldetamaulipas.com.mx\/index.php?rest_route=\/wp\/v2\/users\/1"}],"replies":[{"embeddable":true,"href":"https:\/\/www.elsinodaldetamaulipas.com.mx\/index.php?rest_route=%2Fwp%2Fv2%2Fcomments&post=194713"}],"version-history":[{"count":1,"href":"https:\/\/www.elsinodaldetamaulipas.com.mx\/index.php?rest_route=\/wp\/v2\/posts\/194713\/revisions"}],"predecessor-version":[{"id":194718,"href":"https:\/\/www.elsinodaldetamaulipas.com.mx\/index.php?rest_route=\/wp\/v2\/posts\/194713\/revisions\/194718"}],"wp:featuredmedia":[{"embeddable":true,"href":"https:\/\/www.elsinodaldetamaulipas.com.mx\/index.php?rest_route=\/wp\/v2\/media\/194717"}],"wp:attachment":[{"href":"https:\/\/www.elsinodaldetamaulipas.com.mx\/index.php?rest_route=%2Fwp%2Fv2%2Fmedia&parent=194713"}],"wp:term":[{"taxonomy":"category","embeddable":true,"href":"https:\/\/www.elsinodaldetamaulipas.com.mx\/index.php?rest_route=%2Fwp%2Fv2%2Fcategories&post=194713"},{"taxonomy":"post_tag","embeddable":true,"href":"https:\/\/www.elsinodaldetamaulipas.com.mx\/index.php?rest_route=%2Fwp%2Fv2%2Ftags&post=194713"}],"curies":[{"name":"wp","href":"https:\/\/api.w.org\/{rel}","templated":true}]}}