{"id":197172,"date":"2024-12-23T11:50:33","date_gmt":"2024-12-23T15:50:33","guid":{"rendered":"https:\/\/www.elsinodaldetamaulipas.com.mx\/?p=197172"},"modified":"2024-12-23T11:50:33","modified_gmt":"2024-12-23T15:50:33","slug":"festejan-navidad-alumnos-de-la-lauro-aguirre","status":"publish","type":"post","link":"https:\/\/www.elsinodaldetamaulipas.com.mx\/?p=197172","title":{"rendered":"FESTEJAN NAVIDAD ALUMNOS DE LA LAURO AGUIRRE"},"content":{"rendered":"<p>EL SINODAL DE TAMAULIPAS<br \/>\nReynosa, Tam.- Alumnos de la escuela Primaria \u201cLauro Aguirre\u201d de la zona escolar 075 y el sector 03 de Educaci\u00f3n primaria, despidieron el a\u00f1o 2024 disfrutando de un alegre festejo navide\u00f1o el pasado mi\u00e9rcoles 18 de diciembre.<\/p>\n<p>Invitado por el director del plantel profesor Juan Enrique Hern\u00e1ndez Sandoval; el licenciado Marcelo Ol\u00e1n Mendoza, jefe de la Oficina Fiscal del Estado, asisti\u00f3 como invitado de honor a la convivencia infantil que se llev\u00f3 a cabo en los patios de la instituci\u00f3n p\u00fablica donde se ofreci\u00f3 un colorido festival art\u00edstico con temas navide\u00f1os, organizado por los directivos y maestros, contando con la participaci\u00f3n de alumnos de todos los grupos.<\/p>\n<p><img loading=\"lazy\" decoding=\"async\" class=\"aligncenter wp-image-197174 size-large\" src=\"https:\/\/www.elsinodaldetamaulipas.com.mx\/wp-content\/uploads\/2024\/12\/Screenshot_20241223_094400_Microsoft-365-Office-1024x555.jpg\" alt=\"\" width=\"640\" height=\"347\" srcset=\"https:\/\/www.elsinodaldetamaulipas.com.mx\/wp-content\/uploads\/2024\/12\/Screenshot_20241223_094400_Microsoft-365-Office-1024x555.jpg 1024w, https:\/\/www.elsinodaldetamaulipas.com.mx\/wp-content\/uploads\/2024\/12\/Screenshot_20241223_094400_Microsoft-365-Office-300x163.jpg 300w, https:\/\/www.elsinodaldetamaulipas.com.mx\/wp-content\/uploads\/2024\/12\/Screenshot_20241223_094400_Microsoft-365-Office-768x416.jpg 768w, https:\/\/www.elsinodaldetamaulipas.com.mx\/wp-content\/uploads\/2024\/12\/Screenshot_20241223_094400_Microsoft-365-Office-1536x833.jpg 1536w, https:\/\/www.elsinodaldetamaulipas.com.mx\/wp-content\/uploads\/2024\/12\/Screenshot_20241223_094400_Microsoft-365-Office.jpg 1992w\" sizes=\"auto, (max-width: 640px) 100vw, 640px\" \/><br \/>\nEl m\u00edtico Pap\u00e1 Noel o Santa Claus, hizo su arribo a la escuela al lado de El Grinch y el invitado de honor y para realizar la entrega de regalos a todos los ni\u00f1os, pasando a cada uno de los salones.<\/p>\n<p>Fue una alegre convivencia, diferente a la de otros a\u00f1os ya que en esta ocasi\u00f3n el funcionario llev\u00f3 adem\u00e1s de decenas de regalos, un considerable n\u00famero de pi\u00f1atas mismas que fueron obsequiadas en cada una de las aulas, donde todos tuvieron la oportunidad de compartir tambi\u00e9n las golosinas que les fueron obsequiados a los peque\u00f1os.<\/p>\n<p>Cabe mencionar que luego de dar un breve mensaje de bienaventuranza para el a\u00f1o que inicia el licenciado Ol\u00e1n Mendoza, atendi\u00f3 a maestros y padres de familia a quienes brindo asesor\u00edas, encausando a muchos de ellos para su atenci\u00f3n diversas instancias del gobierno estatal.<\/p>\n<p><img loading=\"lazy\" decoding=\"async\" class=\"aligncenter wp-image-197175 size-large\" src=\"https:\/\/www.elsinodaldetamaulipas.com.mx\/wp-content\/uploads\/2024\/12\/Screenshot_20241223_094413_Microsoft-365-Office-1024x558.jpg\" alt=\"\" width=\"640\" height=\"349\" srcset=\"https:\/\/www.elsinodaldetamaulipas.com.mx\/wp-content\/uploads\/2024\/12\/Screenshot_20241223_094413_Microsoft-365-Office-1024x558.jpg 1024w, https:\/\/www.elsinodaldetamaulipas.com.mx\/wp-content\/uploads\/2024\/12\/Screenshot_20241223_094413_Microsoft-365-Office-300x164.jpg 300w, https:\/\/www.elsinodaldetamaulipas.com.mx\/wp-content\/uploads\/2024\/12\/Screenshot_20241223_094413_Microsoft-365-Office-768x419.jpg 768w, https:\/\/www.elsinodaldetamaulipas.com.mx\/wp-content\/uploads\/2024\/12\/Screenshot_20241223_094413_Microsoft-365-Office-1536x837.jpg 1536w, https:\/\/www.elsinodaldetamaulipas.com.mx\/wp-content\/uploads\/2024\/12\/Screenshot_20241223_094413_Microsoft-365-Office.jpg 1981w\" sizes=\"auto, (max-width: 640px) 100vw, 640px\" \/><br \/>\nCon esta actividad se inici\u00f3 el periodo vacacional decembrino en la espera de que el pr\u00f3ximo mi\u00e9rcoles 8 de enero del a\u00f1o nuevo, todos los alumnos se integren a las labores educativas.<\/p>\n<p>Conforme al calendario escolar los directivos y docentes deben reincorporarse a la escuela desde el lunes 6 de enero para participar en cursos de actualizaci\u00f3n ordenados por la Secretar\u00eda de Educaci\u00f3n P\u00fablica.<\/p>\n","protected":false},"excerpt":{"rendered":"<p>EL SINODAL DE TAMAULIPAS Reynosa, Tam.- Alumnos de la escuela Primaria \u201cLauro Aguirre\u201d de la zona escolar 075 y el sector 03 de Educaci\u00f3n primaria, despidieron el a\u00f1o 2024 disfrutando de un alegre festejo navide\u00f1o el pasado mi\u00e9rcoles 18 de diciembre. Invitado por el director del plantel profesor Juan Enrique Hern\u00e1ndez Sandoval; el licenciado Marcelo [&hellip;]<\/p>\n","protected":false},"author":1,"featured_media":197173,"comment_status":"closed","ping_status":"closed","sticky":false,"template":"","format":"standard","meta":{"footnotes":""},"categories":[1,2],"tags":[],"class_list":["post-197172","post","type-post","status-publish","format-standard","has-post-thumbnail","hentry","category-portada","category-reynosa"],"_links":{"self":[{"href":"https:\/\/www.elsinodaldetamaulipas.com.mx\/index.php?rest_route=\/wp\/v2\/posts\/197172","targetHints":{"allow":["GET"]}}],"collection":[{"href":"https:\/\/www.elsinodaldetamaulipas.com.mx\/index.php?rest_route=\/wp\/v2\/posts"}],"about":[{"href":"https:\/\/www.elsinodaldetamaulipas.com.mx\/index.php?rest_route=\/wp\/v2\/types\/post"}],"author":[{"embeddable":true,"href":"https:\/\/www.elsinodaldetamaulipas.com.mx\/index.php?rest_route=\/wp\/v2\/users\/1"}],"replies":[{"embeddable":true,"href":"https:\/\/www.elsinodaldetamaulipas.com.mx\/index.php?rest_route=%2Fwp%2Fv2%2Fcomments&post=197172"}],"version-history":[{"count":1,"href":"https:\/\/www.elsinodaldetamaulipas.com.mx\/index.php?rest_route=\/wp\/v2\/posts\/197172\/revisions"}],"predecessor-version":[{"id":197176,"href":"https:\/\/www.elsinodaldetamaulipas.com.mx\/index.php?rest_route=\/wp\/v2\/posts\/197172\/revisions\/197176"}],"wp:featuredmedia":[{"embeddable":true,"href":"https:\/\/www.elsinodaldetamaulipas.com.mx\/index.php?rest_route=\/wp\/v2\/media\/197173"}],"wp:attachment":[{"href":"https:\/\/www.elsinodaldetamaulipas.com.mx\/index.php?rest_route=%2Fwp%2Fv2%2Fmedia&parent=197172"}],"wp:term":[{"taxonomy":"category","embeddable":true,"href":"https:\/\/www.elsinodaldetamaulipas.com.mx\/index.php?rest_route=%2Fwp%2Fv2%2Fcategories&post=197172"},{"taxonomy":"post_tag","embeddable":true,"href":"https:\/\/www.elsinodaldetamaulipas.com.mx\/index.php?rest_route=%2Fwp%2Fv2%2Ftags&post=197172"}],"curies":[{"name":"wp","href":"https:\/\/api.w.org\/{rel}","templated":true}]}}