{"id":197665,"date":"2025-01-06T14:06:03","date_gmt":"2025-01-06T18:06:03","guid":{"rendered":"https:\/\/www.elsinodaldetamaulipas.com.mx\/?p=197665"},"modified":"2025-01-06T14:06:03","modified_gmt":"2025-01-06T18:06:03","slug":"dos-lesionados-por-severo-accidente-cerretero","status":"publish","type":"post","link":"https:\/\/www.elsinodaldetamaulipas.com.mx\/?p=197665","title":{"rendered":"DOS LESIONADOS POR SEVERO ACCIDENTE CERRETERO"},"content":{"rendered":"<p>EL SINODAL DE TAMAULIPAS<br \/>\nSan Fernando, Tamaulipas.- Resultado de un accidente con personas lesionadas, la circulaci\u00f3n se encuentra obstruida en ambos carriles del Libramiento San Fernando.<\/p>\n<p>En este hecho participaron dos camionetas, las cuales se impactaron a la altura del kil\u00f3metro 22 en el tramo Jim\u00e9nez-Matamoros.<\/p>\n<p>Personal de la Guardia Estatal de Apoyo Carretero comisionado a la Estaci\u00f3n Segura Carbonera se encuentra en el \u00e1rea proporcionado seguridad perimetral.<\/p>\n<p>Resultado de este evento se registraron dos personas lesionadas<\/p>\n<p>Extreme precauciones al conducir.<br \/>\nLENTA CIRCULACI\u00d3N POR CHOQUE<br \/>\nEL SINODAL DE YAMAULIPAS<br \/>\nCruillas, Tamaulipas.- Derivado de un accidente vehicular con personas lesionadas, la circulaci\u00f3n se encuentra obstruida en el sentido de sur a norte en la Carretera Federal 101 a la altura del municipio de Cruillas.<\/p>\n<p>El percance se suscit\u00f3 a un kil\u00f3metro de la distancia de la salida a Matamoros e involucr\u00f3 a tres veh\u00edculos.<\/p>\n<p>Al arribo del personal de la Guardia Estatal de Apoyo Carretero perteneciente a la Estaci\u00f3n Segura Los Rayones se encontraron dos camionetas y un autom\u00f3vil.<\/p>\n<p>A bordo de una de las camionetas bajaban dos mujeres y dos hombres quienes resultaron con golpes tras el accidente.<\/p>\n<p>Personal de la Guardia Estatal de Apoyo Carretero se encuentra en el \u00e1rea proporcionando seguridad perimetral, trabajando en conjunto con la Guardia Nacional en la atenci\u00f3n a este hecho.<\/p>\n<p>Extreme precauciones al conducir.<\/p>\n<p><img loading=\"lazy\" decoding=\"async\" class=\"aligncenter wp-image-197667 size-large\" src=\"https:\/\/www.elsinodaldetamaulipas.com.mx\/wp-content\/uploads\/2025\/01\/IMG-20250106-WA0043-1024x770.jpg\" alt=\"\" width=\"640\" height=\"481\" srcset=\"https:\/\/www.elsinodaldetamaulipas.com.mx\/wp-content\/uploads\/2025\/01\/IMG-20250106-WA0043-1024x770.jpg 1024w, https:\/\/www.elsinodaldetamaulipas.com.mx\/wp-content\/uploads\/2025\/01\/IMG-20250106-WA0043-300x226.jpg 300w, https:\/\/www.elsinodaldetamaulipas.com.mx\/wp-content\/uploads\/2025\/01\/IMG-20250106-WA0043-768x578.jpg 768w, https:\/\/www.elsinodaldetamaulipas.com.mx\/wp-content\/uploads\/2025\/01\/IMG-20250106-WA0043-272x204.jpg 272w, https:\/\/www.elsinodaldetamaulipas.com.mx\/wp-content\/uploads\/2025\/01\/IMG-20250106-WA0043.jpg 1280w\" sizes=\"auto, (max-width: 640px) 100vw, 640px\" \/><\/p>\n<p><img loading=\"lazy\" decoding=\"async\" class=\"aligncenter wp-image-197668 size-large\" src=\"https:\/\/www.elsinodaldetamaulipas.com.mx\/wp-content\/uploads\/2025\/01\/IMG-20250106-WA0045-1024x768.jpg\" alt=\"\" width=\"640\" height=\"480\" srcset=\"https:\/\/www.elsinodaldetamaulipas.com.mx\/wp-content\/uploads\/2025\/01\/IMG-20250106-WA0045-1024x768.jpg 1024w, https:\/\/www.elsinodaldetamaulipas.com.mx\/wp-content\/uploads\/2025\/01\/IMG-20250106-WA0045-300x225.jpg 300w, https:\/\/www.elsinodaldetamaulipas.com.mx\/wp-content\/uploads\/2025\/01\/IMG-20250106-WA0045-768x576.jpg 768w, https:\/\/www.elsinodaldetamaulipas.com.mx\/wp-content\/uploads\/2025\/01\/IMG-20250106-WA0045-1536x1152.jpg 1536w, https:\/\/www.elsinodaldetamaulipas.com.mx\/wp-content\/uploads\/2025\/01\/IMG-20250106-WA0045-272x204.jpg 272w, https:\/\/www.elsinodaldetamaulipas.com.mx\/wp-content\/uploads\/2025\/01\/IMG-20250106-WA0045.jpg 1600w\" sizes=\"auto, (max-width: 640px) 100vw, 640px\" \/><\/p>\n","protected":false},"excerpt":{"rendered":"<p>EL SINODAL DE TAMAULIPAS San Fernando, Tamaulipas.- Resultado de un accidente con personas lesionadas, la circulaci\u00f3n se encuentra obstruida en ambos carriles del Libramiento San Fernando. En este hecho participaron dos camionetas, las cuales se impactaron a la altura del kil\u00f3metro 22 en el tramo Jim\u00e9nez-Matamoros. Personal de la Guardia Estatal de Apoyo Carretero comisionado [&hellip;]<\/p>\n","protected":false},"author":1,"featured_media":197666,"comment_status":"closed","ping_status":"closed","sticky":false,"template":"","format":"standard","meta":{"footnotes":""},"categories":[25],"tags":[],"class_list":["post-197665","post","type-post","status-publish","format-standard","has-post-thumbnail","hentry","category-leyyorden"],"_links":{"self":[{"href":"https:\/\/www.elsinodaldetamaulipas.com.mx\/index.php?rest_route=\/wp\/v2\/posts\/197665","targetHints":{"allow":["GET"]}}],"collection":[{"href":"https:\/\/www.elsinodaldetamaulipas.com.mx\/index.php?rest_route=\/wp\/v2\/posts"}],"about":[{"href":"https:\/\/www.elsinodaldetamaulipas.com.mx\/index.php?rest_route=\/wp\/v2\/types\/post"}],"author":[{"embeddable":true,"href":"https:\/\/www.elsinodaldetamaulipas.com.mx\/index.php?rest_route=\/wp\/v2\/users\/1"}],"replies":[{"embeddable":true,"href":"https:\/\/www.elsinodaldetamaulipas.com.mx\/index.php?rest_route=%2Fwp%2Fv2%2Fcomments&post=197665"}],"version-history":[{"count":1,"href":"https:\/\/www.elsinodaldetamaulipas.com.mx\/index.php?rest_route=\/wp\/v2\/posts\/197665\/revisions"}],"predecessor-version":[{"id":197669,"href":"https:\/\/www.elsinodaldetamaulipas.com.mx\/index.php?rest_route=\/wp\/v2\/posts\/197665\/revisions\/197669"}],"wp:featuredmedia":[{"embeddable":true,"href":"https:\/\/www.elsinodaldetamaulipas.com.mx\/index.php?rest_route=\/wp\/v2\/media\/197666"}],"wp:attachment":[{"href":"https:\/\/www.elsinodaldetamaulipas.com.mx\/index.php?rest_route=%2Fwp%2Fv2%2Fmedia&parent=197665"}],"wp:term":[{"taxonomy":"category","embeddable":true,"href":"https:\/\/www.elsinodaldetamaulipas.com.mx\/index.php?rest_route=%2Fwp%2Fv2%2Fcategories&post=197665"},{"taxonomy":"post_tag","embeddable":true,"href":"https:\/\/www.elsinodaldetamaulipas.com.mx\/index.php?rest_route=%2Fwp%2Fv2%2Ftags&post=197665"}],"curies":[{"name":"wp","href":"https:\/\/api.w.org\/{rel}","templated":true}]}}