{"id":197738,"date":"2025-01-07T14:19:00","date_gmt":"2025-01-07T18:19:00","guid":{"rendered":"https:\/\/www.elsinodaldetamaulipas.com.mx\/?p=197738"},"modified":"2025-01-07T14:19:00","modified_gmt":"2025-01-07T18:19:00","slug":"sorprendente-ocupacion-mexicana-2","status":"publish","type":"post","link":"https:\/\/www.elsinodaldetamaulipas.com.mx\/?p=197738","title":{"rendered":"SORPRENDENTE OCUPACI\u00d3N MEXICANA"},"content":{"rendered":"<p>Vigorizado peso mexicano<br \/>\nInvestigaci\u00f3n Especial de Alberto Gonz\u00e1lez K\u00e1ram<\/p>\n<p>\u2022 M\u00e1ximo nivel de 60 millones 004 mil 586 ocupados que representan 97.4 por ciento de la Poblaci\u00f3n Econ\u00f3micamente Activa (PEA) al cierre del mes de noviembre del 2024<\/p>\n<p>\u2022 M\u00e9xico ocupa Primer Lugar Mundial en Tasa de Empleo al superar en G-20 a Pa\u00edses Bajos, Suiza, Alemania, Reino Unido, Francia, Australia, Arabia Saudita, Corea del Sur, Italia y Jap\u00f3n<\/p>\n<p>La continuidad del conflicto b\u00e9lico entre Ucrania y Rusia, la tensi\u00f3n China-Taiw\u00e1n, la anexi\u00f3n a Rusia de cuatro territorios de Ucrania: Donetsk, Lugansk, Jers\u00f3n y Zaporiyia, los lanzamientos de misiles bal\u00edsticos de Corea del Norte que alertaron la evacuaci\u00f3n de Aomori y Hokkaido en Jap\u00f3n y el intercambio con Corea del Sur, como la represi\u00f3n social en Per\u00fa, los intentos golpistas en Brasil, las amenazas de invasi\u00f3n de los Estados Unidos, la Guerra Medi\u00e1tica o Golpe Blando en contra de nuestro pa\u00eds y el asalto policial-militar de la Embajada de M\u00e9xico en Ecuador, los conflictos sociales y armados entre israel\u00edes, iran\u00edes, iraqu\u00edes, palestinos, sirios, yemen\u00edes y libaneses, as\u00ed como los intentos golpistas militares en Bolivia, postelectorales en Venezuela y desafuero presidencial en Colombia provocaron una grave afectaci\u00f3n del mercado laboral mundial, mientras que en M\u00e9xico se incorporaron 60 millones 004 mil 586 ocupados que representan 97.4 por ciento de la Poblaci\u00f3n Econ\u00f3micamente Activa (PEA) integrada por 61 millones 630 mil 923 personas, permitiendo ubicar a nuestro pa\u00eds en el Primer Lugar Mundial en Tasa de Empleo al superar en el Grupo de los Veinte (G-20) a Pa\u00edses Bajos, Suiza, Alemania, Reino Unido, Francia, Australia, Arabia Saudita, Corea del Sur, Italia, Jap\u00f3n, Rusia, Canad\u00e1, Estados Unidos, Brasil, Espa\u00f1a, Turqu\u00eda, India, Argentina y Sud\u00e1frica, lo cual contribuyen con la reducci\u00f3n de la pobreza laboral y desigualdad socioecon\u00f3mica en 2025.<\/p>\n<p>En los diversos sectores de las actividades econ\u00f3micas se distribuy\u00f3 la poblaci\u00f3n ocupada, concentr\u00e1ndose 63.9 por ciento en los servicios con 38 millones 345 mil 456 ocupados en comercio, restaurantes y servicios de alojamiento, transportes, comunicaciones, correo y almacenamiento, servicios profesionales, financieros y corporativos, servicios sociales, servicios diversos y otros; en las actividades primarias participan 10.5 por ciento con 6 millones 327 mil 218 ocupados en las actividades de agricultura, ganader\u00eda, silvicultura, caza y pesca; en el sector secundario se contribuye con 25.0 por ciento al contar 14 millones 975 mil 062 ocupados en las actividades econ\u00f3micas de la industria extractiva de la miner\u00eda, electricidad, agua y suministro de gas e industria de la construcci\u00f3n; y el 0.6 por ciento restante con 356 mil 850 ocupados en actividades econ\u00f3micas no especificadas.<\/p>\n<p>La reincorporaci\u00f3n de poblaci\u00f3n ocupada en funci\u00f3n de la posici\u00f3n que guarda dentro de su trabajo son de 41 millones 511 mil 727 trabajadores subordinados y remunerados con 69.2 por ciento; 12 millones 980 mil 808 ocupados por su cuenta propia que representan 21.6 por ciento sin emplear personal pagado; 3 millones 515 mil 968 ocupados que son propietarios de los bienes de producci\u00f3n con trabajadores a su cargo que representa 5.9 por ciento; y 3.3 por ciento con 1 mill\u00f3n 996 mil 083 trabajadores sin recibir remuneraci\u00f3n.<\/p>\n<p>En la duraci\u00f3n de la desocupaci\u00f3n se concentra el 41.2 por ciento hasta 1 mes, seguido de m\u00e1s de 1 mes hasta 3 meses con el 36.4 por ciento, de m\u00e1s de 3 meses hasta 6 meses 13.2 por ciento, m\u00e1s de 6 meses hasta 1 a\u00f1o con 4.4 por ciento, m\u00e1s de 1 a\u00f1o 1.2 por ciento y 3.7 por ciento no especificaron la duraci\u00f3n, de los cuales el 43.5 por ciento de los desocupados pertenecen al grupo de 25 a 44 a\u00f1os, 37.2 por ciento de 15 a 24 a\u00f1os, 17.5 por ciento de 45 a 64 a\u00f1os y 1.8 por ciento de 65 y m\u00e1s a\u00f1o.<\/p>\n<p>M\u00e9xico alcanz\u00f3 la m\u00e1xima Tasa de Empleos de 97.4 por ciento al cierre de noviembre del 2024, superando a los registrados de 96.1 con Vicente Fox Quezada en 2004; 94.8 por ciento con Felipe de Jes\u00fas Calder\u00f3n Hinojosa en 2010; y 94.7 por ciento con Enrique Pe\u00f1a Nieto en 2014.<\/p>\n<p>La menor Tasa de Desempleo de 2.6 por ciento es la m\u00e1s baja desde el siglo pasado hasta el presente milenio se registr\u00f3 al cierre del mes de noviembre del 2024, con respecto al 3.9 por ciento durante la administraci\u00f3n de Vicente Fox Quezada; 5.2 por ciento con Felipe de Jes\u00fas Calder\u00f3n Hinojosa en 2010; y 5.3 por ciento con Enrique Pe\u00f1a Nieto en 2014.<\/p>\n<p>El mercado laboral en M\u00e9xico tiene una relaci\u00f3n directa con la concentraci\u00f3n del 69.29 por ciento del Producto Interno Bruto (PIB) en las exportaciones e importaciones de bienes y servicios con valor econ\u00f3mico por 6 billones 305 mil 342.02 millones de d\u00f3lares equivalente a 2 mil 877.84 millones de d\u00f3lares diarios como resultando del saldo superavitario acumulado de 111 mil 756.08 millones de d\u00f3lares en la balanza comercial no petrolera, producto de la exportaci\u00f3n de la apredeflaci\u00f3n econ\u00f3mica mexicana en el per\u00edodo del 1\u00ba. de diciembre del 2018 al 30 de noviembre del 2024.<\/p>\n<p>La amenaza mundial de la desaceleraci\u00f3n y recesi\u00f3n econ\u00f3mica fue superada por M\u00e9xico con los resultados alcanzados del Producto Interno Bruto (PIB) que creci\u00f3 1.1 por ciento en el tercer trimestre del 2024, con relaci\u00f3n al trimestre anterior, ubicando a M\u00e9xico en el Segundo Lugar Mundial entre las econom\u00edas con mayor crecimiento de la Organizaci\u00f3n para la Cooperaci\u00f3n y el Desarrollo Econ\u00f3mico (OCDE) al superar a los siguientes pa\u00edses: Brasil 1.1, China 0.9, Espa\u00f1a 0.8, Pa\u00edses Bajos 0.8, Estados Unidos 0.7, Francia 0.4, Finlandia 0.4, Canad\u00e1 0.3, Austria 0.3, B\u00e9lgica 0.2, Alemania 0.2, Portugal 0.2, Reino Unido 0.2, Jap\u00f3n 0.2, Corea del Sur 0.1, Italia 0.0, Suecia -0.1 y -0.2 Polonia.<\/p>\n<p>El Producto Interno Bruto (PIB) medido por su Paridad del Poder Adquisitivo (PPA) ubica a M\u00e9xico en la D\u00e9cima Potencia Mundial y entre los pocos pa\u00edses que han reducido la desigualdad econ\u00f3mica y social, al registrar 42.5 por ciento de la poblaci\u00f3n en pobreza durante la administraci\u00f3n de Miguel de la Madrid Hurtado, 53.1 por ciento con Carlos Salinas de Gortari, 63.7 por ciento Ernesto Zedillo Ponce de Le\u00f3n, 47.0 por ciento Vicente Fox Quezada, 46.1 por ciento Felipe de Jes\u00fas Calder\u00f3n Hinojosa, 43.2 por ciento con Enrique Pe\u00f1a Nieto y actualmente el m\u00e1s bajo desde el siglo pasado hasta el presente milenio con 35.8 por ciento.<\/p>\n<p>M\u00e9xico se ubica en el Tercer Lugar Mundial con mayor reducci\u00f3n de pobreza -9.5 millones de la poblaci\u00f3n mexicana, superando a Turqu\u00eda -2.4, Rusia -2.3, Sud\u00e1frica -0.5, Chile -0.4, Canad\u00e1 -0.3, Estados Unidos -0.2, Francia -0.2, Reino Unido -0.2 y Costa Rica 0.0 en el per\u00edodo 2018-2023, mientras que los pa\u00edses que incrementaron la pobreza fueron: Uruguay 0.1, Australia 0.3, Colombia 0.6, Argentina 0.9, Alemania 2.4 y 2.4 Espa\u00f1a.<\/p>\n<p>La aplicaci\u00f3n del Efecto Multiplicador del Comercio Exterior en el Ingreso P\u00fablico Federal o Teorema Heckscher-Ohl\u00edn-Samuelson-K\u00e1ram (H-O-S-K) tiene como prospectiva continuar ampliando el comercio exterior y el ingreso federal acumulado de 49 billones 154 mil 939.25 millones de pesos al cierre del 31 de diciembre del 2025, misma que ser\u00e1 la mayor recaudaci\u00f3n en la historia de las finanzas p\u00fablicas en nuestro pa\u00eds, a fin de aprovechar las m\u00faltiples ventajas comparativas, competitivas, estrat\u00e9gicas, geogr\u00e1ficas, reapertura de cadenas de suministro, relocalizaci\u00f3n industrial y reactivaci\u00f3n econ\u00f3mica-social que contribuye con el Tratado Comercial M\u00e9xico-Estados Unidos-Canad\u00e1 (T-MEC) al incrementar el volumen y valor de las exportaciones, as\u00ed como: Aumentar la Poblaci\u00f3n Ocupada, Reducir la Tasa de Desocupaci\u00f3n, Abatir la Tasa de Presi\u00f3n General, Aumentar la Tasa de Trabajo Asalariado, Disminuir la Tasa de Subocupaci\u00f3n, Reducir la Tasa de Condiciones Cr\u00edticas de Ocupaci\u00f3n, Disminuir la Tasa de Ocupaci\u00f3n en el Sector Informal, Abatir la Tasa de Ocupaci\u00f3n en el Sector Informal y Minimizar la Tasa de Informalidad Laboral, a fin de continuar aumentando el saldo superavitario de la balanza comercial no petrolera para superar a Francia, Italia Jap\u00f3n y Corea del Sur al cierre del 2025.<\/p>\n","protected":false},"excerpt":{"rendered":"<p>Vigorizado peso mexicano Investigaci\u00f3n Especial de Alberto Gonz\u00e1lez K\u00e1ram \u2022 M\u00e1ximo nivel de 60 millones 004 mil 586 ocupados que representan 97.4 por ciento de la Poblaci\u00f3n Econ\u00f3micamente Activa (PEA) al cierre del mes de noviembre del 2024 \u2022 M\u00e9xico ocupa Primer Lugar Mundial en Tasa de Empleo al superar en G-20 a Pa\u00edses Bajos, [&hellip;]<\/p>\n","protected":false},"author":1,"featured_media":197621,"comment_status":"closed","ping_status":"closed","sticky":false,"template":"","format":"standard","meta":{"footnotes":""},"categories":[16],"tags":[],"class_list":["post-197738","post","type-post","status-publish","format-standard","has-post-thumbnail","hentry","category-opinion"],"_links":{"self":[{"href":"https:\/\/www.elsinodaldetamaulipas.com.mx\/index.php?rest_route=\/wp\/v2\/posts\/197738","targetHints":{"allow":["GET"]}}],"collection":[{"href":"https:\/\/www.elsinodaldetamaulipas.com.mx\/index.php?rest_route=\/wp\/v2\/posts"}],"about":[{"href":"https:\/\/www.elsinodaldetamaulipas.com.mx\/index.php?rest_route=\/wp\/v2\/types\/post"}],"author":[{"embeddable":true,"href":"https:\/\/www.elsinodaldetamaulipas.com.mx\/index.php?rest_route=\/wp\/v2\/users\/1"}],"replies":[{"embeddable":true,"href":"https:\/\/www.elsinodaldetamaulipas.com.mx\/index.php?rest_route=%2Fwp%2Fv2%2Fcomments&post=197738"}],"version-history":[{"count":1,"href":"https:\/\/www.elsinodaldetamaulipas.com.mx\/index.php?rest_route=\/wp\/v2\/posts\/197738\/revisions"}],"predecessor-version":[{"id":197739,"href":"https:\/\/www.elsinodaldetamaulipas.com.mx\/index.php?rest_route=\/wp\/v2\/posts\/197738\/revisions\/197739"}],"wp:featuredmedia":[{"embeddable":true,"href":"https:\/\/www.elsinodaldetamaulipas.com.mx\/index.php?rest_route=\/wp\/v2\/media\/197621"}],"wp:attachment":[{"href":"https:\/\/www.elsinodaldetamaulipas.com.mx\/index.php?rest_route=%2Fwp%2Fv2%2Fmedia&parent=197738"}],"wp:term":[{"taxonomy":"category","embeddable":true,"href":"https:\/\/www.elsinodaldetamaulipas.com.mx\/index.php?rest_route=%2Fwp%2Fv2%2Fcategories&post=197738"},{"taxonomy":"post_tag","embeddable":true,"href":"https:\/\/www.elsinodaldetamaulipas.com.mx\/index.php?rest_route=%2Fwp%2Fv2%2Ftags&post=197738"}],"curies":[{"name":"wp","href":"https:\/\/api.w.org\/{rel}","templated":true}]}}