{"id":197878,"date":"2025-01-09T00:58:57","date_gmt":"2025-01-09T04:58:57","guid":{"rendered":"https:\/\/www.elsinodaldetamaulipas.com.mx\/?p=197878"},"modified":"2025-01-09T00:58:57","modified_gmt":"2025-01-09T04:58:57","slug":"solo-20-anos-de-carcel-dan-a-doble-homicida","status":"publish","type":"post","link":"https:\/\/www.elsinodaldetamaulipas.com.mx\/?p=197878","title":{"rendered":"SOLO 20 A\u00d1OS DE C\u00c1RCEL DAN A DOBLE HOMICIDA"},"content":{"rendered":"<p>SOLO EL SINODAL DE TAMAULIPAS<br \/>\nReynosa, Tamaulipas.- El Agente del Ministerio P\u00fablico, de la Fiscal\u00eda General de Justicia del Estado de Tamaulipas, obtuvo una sentencia de 20 a\u00f1os de prisi\u00f3n en contra de Brandon \u201cI\u201d por el delito de Homicidio Calificado, con las agravantes de premeditaci\u00f3n, alevos\u00eda, ventaja y traici\u00f3n.<br \/>\nUn Tribunal de Juicio Oral emiti\u00f3 la condena despu\u00e9s de que el Representante Social present\u00f3 elementos que acreditaron la responsabilidad del acusado en el citado delito, registrado el 28 de abril de 2017, en la colonia Aztl\u00e1n, de este municipio. En dicho evento, dos v\u00edctimas fueron privadas de la vida por heridas producidas por proyectiles de arma de fuego.<br \/>\nAdem\u00e1s, el Juzgador estableci\u00f3 la suspensi\u00f3n de los derechos civiles y pol\u00edticos del sentenciado.<br \/>\nLa Fiscal\u00eda General de Justicia del Estado de Tamaulipas refrenda su compromiso de trabajar para perseguir y sancionar a quienes atentan contra la seguridad y la vida de sus ciudadanos.<br \/>\n&#8212;-<\/p>\n","protected":false},"excerpt":{"rendered":"<p>SOLO EL SINODAL DE TAMAULIPAS Reynosa, Tamaulipas.- El Agente del Ministerio P\u00fablico, de la Fiscal\u00eda General de Justicia del Estado de Tamaulipas, obtuvo una sentencia de 20 a\u00f1os de prisi\u00f3n en contra de Brandon \u201cI\u201d por el delito de Homicidio Calificado, con las agravantes de premeditaci\u00f3n, alevos\u00eda, ventaja y traici\u00f3n. Un Tribunal de Juicio Oral [&hellip;]<\/p>\n","protected":false},"author":1,"featured_media":197879,"comment_status":"closed","ping_status":"closed","sticky":false,"template":"","format":"standard","meta":{"footnotes":""},"categories":[25],"tags":[],"class_list":["post-197878","post","type-post","status-publish","format-standard","has-post-thumbnail","hentry","category-leyyorden"],"_links":{"self":[{"href":"https:\/\/www.elsinodaldetamaulipas.com.mx\/index.php?rest_route=\/wp\/v2\/posts\/197878","targetHints":{"allow":["GET"]}}],"collection":[{"href":"https:\/\/www.elsinodaldetamaulipas.com.mx\/index.php?rest_route=\/wp\/v2\/posts"}],"about":[{"href":"https:\/\/www.elsinodaldetamaulipas.com.mx\/index.php?rest_route=\/wp\/v2\/types\/post"}],"author":[{"embeddable":true,"href":"https:\/\/www.elsinodaldetamaulipas.com.mx\/index.php?rest_route=\/wp\/v2\/users\/1"}],"replies":[{"embeddable":true,"href":"https:\/\/www.elsinodaldetamaulipas.com.mx\/index.php?rest_route=%2Fwp%2Fv2%2Fcomments&post=197878"}],"version-history":[{"count":1,"href":"https:\/\/www.elsinodaldetamaulipas.com.mx\/index.php?rest_route=\/wp\/v2\/posts\/197878\/revisions"}],"predecessor-version":[{"id":197880,"href":"https:\/\/www.elsinodaldetamaulipas.com.mx\/index.php?rest_route=\/wp\/v2\/posts\/197878\/revisions\/197880"}],"wp:featuredmedia":[{"embeddable":true,"href":"https:\/\/www.elsinodaldetamaulipas.com.mx\/index.php?rest_route=\/wp\/v2\/media\/197879"}],"wp:attachment":[{"href":"https:\/\/www.elsinodaldetamaulipas.com.mx\/index.php?rest_route=%2Fwp%2Fv2%2Fmedia&parent=197878"}],"wp:term":[{"taxonomy":"category","embeddable":true,"href":"https:\/\/www.elsinodaldetamaulipas.com.mx\/index.php?rest_route=%2Fwp%2Fv2%2Fcategories&post=197878"},{"taxonomy":"post_tag","embeddable":true,"href":"https:\/\/www.elsinodaldetamaulipas.com.mx\/index.php?rest_route=%2Fwp%2Fv2%2Ftags&post=197878"}],"curies":[{"name":"wp","href":"https:\/\/api.w.org\/{rel}","templated":true}]}}