{"id":198580,"date":"2025-01-21T22:12:38","date_gmt":"2025-01-22T02:12:38","guid":{"rendered":"https:\/\/www.elsinodaldetamaulipas.com.mx\/?p=198580"},"modified":"2025-01-21T22:12:38","modified_gmt":"2025-01-22T02:12:38","slug":"presencia-45","status":"publish","type":"post","link":"https:\/\/www.elsinodaldetamaulipas.com.mx\/?p=198580","title":{"rendered":"PRESENCIA"},"content":{"rendered":"<p>ANA LUISA GARC\u00cdA<\/p>\n<p>\u201cCON TRUMP IREMOS CUATRO A\u00d1OS CUESTA ARRIBA\u201d<br \/>\nLas primeras acciones de pol\u00edtica migratoria de Donald Trump, se manifiestan estrictas y anuncian el clima que prevalecer\u00e1 al menos durante los siguientes cuatro a\u00f1os. Por otra parte, de acuerdo a un reporte publicado por Milenio, con Datos de Inteligencia Artificial, concluyen que el 57 por ciento de los estadounidenses no est\u00e1 de acuerdo con el discurso de su presidente en lo que se refiere al tratamiento a los migrantes.<\/p>\n<p>En el mismo an\u00e1lisis s\u00f3lo el 37 por ciento lo aplaudi\u00f3, el 6 por ciento manifest\u00f3 tristeza ante la postura de Trump, mientras que la criminalizaci\u00f3n de los migrantes y los amagos de deportaciones masivas tuvieron m\u00e1s rechazos que respaldos.<\/p>\n<p>Pero tambi\u00e9n, siete de cada diez estadounidenses, est\u00e1n de acuerdo con que los c\u00e1rteles sean designados como grupos terroristas internacionales.<\/p>\n<p>Otros datos, de la misma medici\u00f3n reporta enojo en un 28.6 %; 21.4 % lo ve con precauci\u00f3n; el 14.3 con disgusto y el 7.1 con miedo, todos estos signos suman un total de 71.4 % de negativos. Por el contrario, el 10 % manifest\u00f3 alegr\u00eda, el 7.1 % sorpresa y el 6.5 % confianza, sumando un total de positivos de 23.6 % y un 5 % dijo sentirse triste.<\/p>\n<p>Sea cual sea los sentimientos que despert\u00f3 la postura de Trump, la realidad es que los pr\u00f3ximos 4 a\u00f1os ser\u00e1n de una relaci\u00f3n dif\u00edcil con el pa\u00eds vecino, porque tenemos muchos otros temas en com\u00fan, entre ellos el T-MEC que reemplaz\u00f3 al Tratado del Libre Comercio para Am\u00e9rica del Norte (TLCAM) que estar\u00e1 en revisi\u00f3n en julio del a\u00f1o pr\u00f3ximo, en ese escenario los pa\u00edses tomar\u00e1n la decisi\u00f3n de extender la vigencia por 6 a\u00f1os m\u00e1s, concluirlo o extenderlo hasta 2042. Otro escenario es realizar revisiones anuales hasta cumplir su vigencia original en 2036.<\/p>\n<p>La circunstancia es que ser\u00e1n 4 a\u00f1os de relaci\u00f3n cuesta arriba, por mucho que la presidenta Sheinbaum quiera proyectar optimismo, pero est\u00e1 en su papel, la diplomacia es una de las principales responsabilidades del titular del Poder Ejecutivo y esperamos que d\u00e9 buenos frutos.<\/p>\n<p>2.- En esas condiciones el partido Morena ha formulado un pronunciamiento de respaldo total a la presidenta Claudia Sheinbaum, quien cuenta con hist\u00f3ricos niveles de apoyo popular, reflejado en encuestas que le otorgan un 86% de aprobaci\u00f3n a su mandato a lo largo de m\u00e1s de 100 d\u00edas.<\/p>\n<p>En el tema de las y los migrantes mexicanos en el vecino pa\u00eds del norte, cuyos resultados observan a trabajadores extraordinarios en el ramo de la construcci\u00f3n, la ciencia, la innovaci\u00f3n, la docencia y en el sector servicios. La doctora Sheinbaum ha reconocido que, \u201cEl pueblo de M\u00e9xico es trabajador, somos trabajadores, trabajadoras. El pueblo de M\u00e9xico ha sacado adelante a nuestra econom\u00eda, pero tambi\u00e9n a la econom\u00eda de los Estados Unidos\u201d. Esto lo expres\u00f3 la mandataria hace unos d\u00edas en Chinantla, estado de Puebla.<\/p>\n<p>MUNICIPIO Y DIF VICTORIA ENTREGAN APOYOS INVERNALES. \u2013 En este martes, el m\u00e1s fr\u00edo de la presente semana, el alcalde de Victoria, Eduardo Gatt\u00e1s y la presidenta del DIF Victoria, Lucy de Gatt\u00e1s, recorrieron los hospitales de la ciudad entregando apoyos invernales a los familiares de pacientes que esperaban en los pasillos y salas de espera. Lo mismo hicieron en las colonias populares prestando auxilio para enfrentar las ajas temperaturas que este d\u00eda llegaron a los 2 grados.<\/p>\n<p>Su recorrido inici\u00f3 en el Hospital Infantil de Tamaulipas, acompa\u00f1ados del director de la instituci\u00f3n y del voluntariado social, se dieron a la tarea de entregar bebidas y comidas calientes a pacientes y familiares. Lo mismo hicieron en el Centro Oncol\u00f3gico y el albergue del nosocomio, para luego trasladarse al Hospital General.<\/p>\n<p>Siguiendo la pol\u00edtica humanista del gobernador Am\u00e9rico Villarreal Anaya, el alcalde y su se\u00f1ora esposa, se hicieron presentes en la colonia San Marcos 2, y ah\u00ed compartieron pan, caf\u00e9 y avena, adem\u00e1s de proporcionarles productos de la canasta b\u00e1sica, cobijas y otras prendas para protegerse del fr\u00edo. Actos que, sin duda, dan testimonio de la capacidad de servicio que los caracteriza.<\/p>\n<p>AVANZA LA UAT EN CAPACITACI\u00d3N DE HABILIDADES BLANDAS. \u2013 La Universidad Aut\u00f3noma de Tamaulipas puso en marcha una edici\u00f3n m\u00e1s en capacitaci\u00f3n de su personal docente para el Desarrollo de Habilidades Blandas en la Formaci\u00f3n Universitaria. Se trata del M\u00f3dulo 4 de \u201cInteligencia Contextual\u201d. La bienvenida estuvo a cargo del rector D\u00e1maso Anaya Alvarado, quien resalt\u00f3 la importancia de promover este programa y fortalecer las estrategias del profesorado en la formaci\u00f3n de los universitarios<\/p>\n<p>El diplomado se imparte de manera virtual, la profesora-investigadora de la Facultad de Comercio, Administraci\u00f3n y Ciencias Sociales de Nuevo Laredo, Cynthia Ramos Monsiv\u00e1is; y tiene como objetivo lograr que los estudiantes fortalezcan su inteligencia contextual y su capacidad de adaptaci\u00f3n e innovaci\u00f3n ante los desaf\u00edos y cambios sociales actuales.<\/p>\n<p>En su intervenci\u00f3n el rector Anaya, signific\u00f3, que las acciones de formaci\u00f3n de habilidades blandas en los universitarios, se alinean a la pol\u00edtica educativa del gobernador Am\u00e9rico Villarreal, quien es el principal impulsor de la educaci\u00f3n como herramienta de transformaci\u00f3n social. De esta manera la UAT seguir\u00e1 avanzando y consolid\u00e1ndose como una instituci\u00f3n de referencia en el \u00e1mbito acad\u00e9mico y social.<\/p>\n","protected":false},"excerpt":{"rendered":"<p>ANA LUISA GARC\u00cdA \u201cCON TRUMP IREMOS CUATRO A\u00d1OS CUESTA ARRIBA\u201d Las primeras acciones de pol\u00edtica migratoria de Donald Trump, se manifiestan estrictas y anuncian el clima que prevalecer\u00e1 al menos durante los siguientes cuatro a\u00f1os. Por otra parte, de acuerdo a un reporte publicado por Milenio, con Datos de Inteligencia Artificial, concluyen que el 57 [&hellip;]<\/p>\n","protected":false},"author":1,"featured_media":198581,"comment_status":"closed","ping_status":"closed","sticky":false,"template":"","format":"standard","meta":{"footnotes":""},"categories":[16],"tags":[],"class_list":["post-198580","post","type-post","status-publish","format-standard","has-post-thumbnail","hentry","category-opinion"],"_links":{"self":[{"href":"https:\/\/www.elsinodaldetamaulipas.com.mx\/index.php?rest_route=\/wp\/v2\/posts\/198580","targetHints":{"allow":["GET"]}}],"collection":[{"href":"https:\/\/www.elsinodaldetamaulipas.com.mx\/index.php?rest_route=\/wp\/v2\/posts"}],"about":[{"href":"https:\/\/www.elsinodaldetamaulipas.com.mx\/index.php?rest_route=\/wp\/v2\/types\/post"}],"author":[{"embeddable":true,"href":"https:\/\/www.elsinodaldetamaulipas.com.mx\/index.php?rest_route=\/wp\/v2\/users\/1"}],"replies":[{"embeddable":true,"href":"https:\/\/www.elsinodaldetamaulipas.com.mx\/index.php?rest_route=%2Fwp%2Fv2%2Fcomments&post=198580"}],"version-history":[{"count":1,"href":"https:\/\/www.elsinodaldetamaulipas.com.mx\/index.php?rest_route=\/wp\/v2\/posts\/198580\/revisions"}],"predecessor-version":[{"id":198582,"href":"https:\/\/www.elsinodaldetamaulipas.com.mx\/index.php?rest_route=\/wp\/v2\/posts\/198580\/revisions\/198582"}],"wp:featuredmedia":[{"embeddable":true,"href":"https:\/\/www.elsinodaldetamaulipas.com.mx\/index.php?rest_route=\/wp\/v2\/media\/198581"}],"wp:attachment":[{"href":"https:\/\/www.elsinodaldetamaulipas.com.mx\/index.php?rest_route=%2Fwp%2Fv2%2Fmedia&parent=198580"}],"wp:term":[{"taxonomy":"category","embeddable":true,"href":"https:\/\/www.elsinodaldetamaulipas.com.mx\/index.php?rest_route=%2Fwp%2Fv2%2Fcategories&post=198580"},{"taxonomy":"post_tag","embeddable":true,"href":"https:\/\/www.elsinodaldetamaulipas.com.mx\/index.php?rest_route=%2Fwp%2Fv2%2Ftags&post=198580"}],"curies":[{"name":"wp","href":"https:\/\/api.w.org\/{rel}","templated":true}]}}