{"id":199166,"date":"2025-01-30T22:55:04","date_gmt":"2025-01-31T02:55:04","guid":{"rendered":"https:\/\/www.elsinodaldetamaulipas.com.mx\/?p=199166"},"modified":"2025-01-30T22:55:04","modified_gmt":"2025-01-31T02:55:04","slug":"capturan-a-banda-de-plagiarios-de-migrantes","status":"publish","type":"post","link":"https:\/\/www.elsinodaldetamaulipas.com.mx\/?p=199166","title":{"rendered":"CAPTURAN A BANDA DE PLAGIARIOS DE MIGRANTES"},"content":{"rendered":"<p>EL SINODAL DE TAMAULIPAS<br \/>\nReynosa, Tamaulipas.- Derivado de las investigaciones realizadas por la privaci\u00f3n de la libertad de migrantes, la Unidad Especializada en Combate al Secuestro liber\u00f3 a cuatro personas en condici\u00f3n de migraci\u00f3n y detuvo en flagrancia a Juan Antonio \u201cB\u201d, David \u201cA\u201d, Arcadio Jasiel \u201cD\u201d y \u00c1ngel Alberto \u201cB\u201d.<\/p>\n<p>Con la informaci\u00f3n obtenida en el desarrollo de las indagatorias por el caso de migrantes liberados en noviembre de 2024 y otros eventos relacionados con la privaci\u00f3n de la libertad de migrantes, los Agentes de Investigaci\u00f3n ubicaron un domicilio en la colonia Longoria de este municipio, que era utilizado para mantener privados a los migrantes, por lo que implementaron un operativo en el que pudieron rescatarlos y detener a quienes los ten\u00edan retenidos.<\/p>\n<p>De las personas en condici\u00f3n de migraci\u00f3n, tres son extranjeras, por lo que fueron puestos a resguardo del Instituto Nacional de Migraci\u00f3n que corroborar\u00e1 su estatus legal en el pa\u00eds, y uno mexicano.<\/p>\n<p>Los detenidos fueron puestos a disposici\u00f3n de la autoridad competente, que determinar\u00e1 su situaci\u00f3n jur\u00eddica conforme a derecho.<\/p>\n<p>La Fiscal\u00eda General de Justicia del Estado de Tamaulipas refrenda su compromiso de no dejar impunes los delitos que atentan contra la libertad de las y los ciudadanos.<br \/>\n<img loading=\"lazy\" decoding=\"async\" class=\"aligncenter wp-image-199168 size-full\" src=\"https:\/\/www.elsinodaldetamaulipas.com.mx\/wp-content\/uploads\/2025\/01\/IMG-20250130-WA0222.jpg\" alt=\"\" width=\"392\" height=\"569\" srcset=\"https:\/\/www.elsinodaldetamaulipas.com.mx\/wp-content\/uploads\/2025\/01\/IMG-20250130-WA0222.jpg 392w, https:\/\/www.elsinodaldetamaulipas.com.mx\/wp-content\/uploads\/2025\/01\/IMG-20250130-WA0222-207x300.jpg 207w\" sizes=\"auto, (max-width: 392px) 100vw, 392px\" \/><\/p>\n<p><img loading=\"lazy\" decoding=\"async\" class=\"aligncenter wp-image-199169 size-full\" src=\"https:\/\/www.elsinodaldetamaulipas.com.mx\/wp-content\/uploads\/2025\/01\/IMG-20250130-WA0221.jpg\" alt=\"\" width=\"392\" height=\"569\" srcset=\"https:\/\/www.elsinodaldetamaulipas.com.mx\/wp-content\/uploads\/2025\/01\/IMG-20250130-WA0221.jpg 392w, https:\/\/www.elsinodaldetamaulipas.com.mx\/wp-content\/uploads\/2025\/01\/IMG-20250130-WA0221-207x300.jpg 207w\" sizes=\"auto, (max-width: 392px) 100vw, 392px\" \/><\/p>\n<p><img loading=\"lazy\" decoding=\"async\" class=\"aligncenter wp-image-199170 size-full\" src=\"https:\/\/www.elsinodaldetamaulipas.com.mx\/wp-content\/uploads\/2025\/01\/IMG-20250130-WA0223.jpg\" alt=\"\" width=\"392\" height=\"569\" srcset=\"https:\/\/www.elsinodaldetamaulipas.com.mx\/wp-content\/uploads\/2025\/01\/IMG-20250130-WA0223.jpg 392w, https:\/\/www.elsinodaldetamaulipas.com.mx\/wp-content\/uploads\/2025\/01\/IMG-20250130-WA0223-207x300.jpg 207w\" sizes=\"auto, (max-width: 392px) 100vw, 392px\" \/><\/p>\n","protected":false},"excerpt":{"rendered":"<p>EL SINODAL DE TAMAULIPAS Reynosa, Tamaulipas.- Derivado de las investigaciones realizadas por la privaci\u00f3n de la libertad de migrantes, la Unidad Especializada en Combate al Secuestro liber\u00f3 a cuatro personas en condici\u00f3n de migraci\u00f3n y detuvo en flagrancia a Juan Antonio \u201cB\u201d, David \u201cA\u201d, Arcadio Jasiel \u201cD\u201d y \u00c1ngel Alberto \u201cB\u201d. Con la informaci\u00f3n obtenida [&hellip;]<\/p>\n","protected":false},"author":1,"featured_media":199167,"comment_status":"closed","ping_status":"closed","sticky":false,"template":"","format":"standard","meta":{"footnotes":""},"categories":[25],"tags":[],"class_list":["post-199166","post","type-post","status-publish","format-standard","has-post-thumbnail","hentry","category-leyyorden"],"_links":{"self":[{"href":"https:\/\/www.elsinodaldetamaulipas.com.mx\/index.php?rest_route=\/wp\/v2\/posts\/199166","targetHints":{"allow":["GET"]}}],"collection":[{"href":"https:\/\/www.elsinodaldetamaulipas.com.mx\/index.php?rest_route=\/wp\/v2\/posts"}],"about":[{"href":"https:\/\/www.elsinodaldetamaulipas.com.mx\/index.php?rest_route=\/wp\/v2\/types\/post"}],"author":[{"embeddable":true,"href":"https:\/\/www.elsinodaldetamaulipas.com.mx\/index.php?rest_route=\/wp\/v2\/users\/1"}],"replies":[{"embeddable":true,"href":"https:\/\/www.elsinodaldetamaulipas.com.mx\/index.php?rest_route=%2Fwp%2Fv2%2Fcomments&post=199166"}],"version-history":[{"count":1,"href":"https:\/\/www.elsinodaldetamaulipas.com.mx\/index.php?rest_route=\/wp\/v2\/posts\/199166\/revisions"}],"predecessor-version":[{"id":199171,"href":"https:\/\/www.elsinodaldetamaulipas.com.mx\/index.php?rest_route=\/wp\/v2\/posts\/199166\/revisions\/199171"}],"wp:featuredmedia":[{"embeddable":true,"href":"https:\/\/www.elsinodaldetamaulipas.com.mx\/index.php?rest_route=\/wp\/v2\/media\/199167"}],"wp:attachment":[{"href":"https:\/\/www.elsinodaldetamaulipas.com.mx\/index.php?rest_route=%2Fwp%2Fv2%2Fmedia&parent=199166"}],"wp:term":[{"taxonomy":"category","embeddable":true,"href":"https:\/\/www.elsinodaldetamaulipas.com.mx\/index.php?rest_route=%2Fwp%2Fv2%2Fcategories&post=199166"},{"taxonomy":"post_tag","embeddable":true,"href":"https:\/\/www.elsinodaldetamaulipas.com.mx\/index.php?rest_route=%2Fwp%2Fv2%2Ftags&post=199166"}],"curies":[{"name":"wp","href":"https:\/\/api.w.org\/{rel}","templated":true}]}}