{"id":199287,"date":"2025-02-01T09:10:03","date_gmt":"2025-02-01T13:10:03","guid":{"rendered":"https:\/\/www.elsinodaldetamaulipas.com.mx\/?p=199287"},"modified":"2025-02-01T09:10:03","modified_gmt":"2025-02-01T13:10:03","slug":"explota-artefacto-explosivo-en-brecha-de-san-fernando-dos-muertos-y-una-mujer-herida","status":"publish","type":"post","link":"https:\/\/www.elsinodaldetamaulipas.com.mx\/?p=199287","title":{"rendered":"Explota artefacto explosivo en brecha de San Fernando; dos muertos y una mujer herida"},"content":{"rendered":"<p>Por Julio Manuel Loya Guzm\u00e1n.<br \/>\nReynosa, Tamaulipas.- Dos hombres perdieron la vida y una mujer result\u00f3 herida luego de que el veh\u00edculo en el que viajaban activara un artefacto explosivo mientras circulaban por una brecha en el municipio de San Fernando.<\/p>\n<p>El incidente ocurri\u00f3 la noche de este jueves 31 de enero en una zona rural del Ejido Santa Rita, donde las v\u00edctimas quedaron expuestas a la fuerte onda expansiva de la explosi\u00f3n. La mujer lesionada fue trasladada de urgencia a una cl\u00ednica local para recibir atenci\u00f3n m\u00e9dica, seg\u00fan confirm\u00f3 la Vocer\u00eda de Seguridad de Tamaulipas.<\/p>\n<p>De acuerdo con reportes preliminares, la detonaci\u00f3n se registr\u00f3 alrededor de las 19:50 horas, cuando un veh\u00edculo particular pas\u00f3 sobre lo que se presume era una mina terrestre, un artefacto letal que ha sido utilizado en la guerra entre grupos criminales que operan en la regi\u00f3n.<\/p>\n<p>Minutos despu\u00e9s de la explosi\u00f3n, la Vocer\u00eda de Seguridad estatal confirm\u00f3 en sus redes sociales el incendio de un autom\u00f3vil en el ejido Santa Rita, se\u00f1alando que las autoridades ya estaban a cargo de la situaci\u00f3n.<\/p>\n<p>Al actualizar su informe, la dependencia precis\u00f3 que tras el estallido, dos hombres murieron y una mujer sufri\u00f3 heridas, sin que hasta el momento se hayan revelado sus identidades.<\/p>\n<p>\u00abSe informa el lamentable fallecimiento de dos masculinos por la onda expansiva de la explosi\u00f3n y una femenina lesionada, la cual fue trasladada a un hospital para su atenci\u00f3n m\u00e9dica\u00bb, detall\u00f3 la Vocer\u00eda en un reporte subido a sus redes sociales.<\/p>\n<p>Este caso se suma a una preocupante tendencia de ataques con minas terrestres en el estado. Tan solo en lo que va del a\u00f1o, se han registrado tres incidentes similares, en los que dos veh\u00edculos particulares y un tractor fueron afectados al pisar explosivos en caminos rurales de Reynosa y R\u00edo Bravo.<\/p>\n<p>En respuesta a esta crisis de seguridad, el Ej\u00e9rcito Mexicano y la Guardia Estatal implementaron un operativo especial para detectar y desactivar minas terrestres en zonas rurales de Tamaulipas. Durante el primer d\u00eda de despliegue, los efectivos castrenses lograron neutralizar al menos dos artefactos explosivos ocultos en brechas de R\u00edo Bravo.<\/p>\n<p>Asimismo, se anunci\u00f3 la restricci\u00f3n vehicular en varias brechas de Reynosa y R\u00edo Bravo, donde se da con mayor intensidad la violencia entre grupos delictivos.<\/p>\n<p>Como medida de prevenci\u00f3n, las autoridades implementan operativos permanentes para localizar y desactivar este tipo de artefactos, y ademas para evitar que las c\u00e9lulas criminales contin\u00faen sembrando explosivos en los caminos ejidales.<\/p>\n<p><img loading=\"lazy\" decoding=\"async\" class=\"aligncenter wp-image-199288 size-full\" src=\"https:\/\/www.elsinodaldetamaulipas.com.mx\/wp-content\/uploads\/2025\/02\/IMG-20250131-WA0304.jpg\" alt=\"\" width=\"720\" height=\"613\" srcset=\"https:\/\/www.elsinodaldetamaulipas.com.mx\/wp-content\/uploads\/2025\/02\/IMG-20250131-WA0304.jpg 720w, https:\/\/www.elsinodaldetamaulipas.com.mx\/wp-content\/uploads\/2025\/02\/IMG-20250131-WA0304-300x255.jpg 300w\" sizes=\"auto, (max-width: 720px) 100vw, 720px\" \/><\/p>\n","protected":false},"excerpt":{"rendered":"<p>Por Julio Manuel Loya Guzm\u00e1n. Reynosa, Tamaulipas.- Dos hombres perdieron la vida y una mujer result\u00f3 herida luego de que el veh\u00edculo en el que viajaban activara un artefacto explosivo mientras circulaban por una brecha en el municipio de San Fernando. El incidente ocurri\u00f3 la noche de este jueves 31 de enero en una zona [&hellip;]<\/p>\n","protected":false},"author":1,"featured_media":199289,"comment_status":"closed","ping_status":"closed","sticky":false,"template":"","format":"standard","meta":{"footnotes":""},"categories":[25],"tags":[],"class_list":["post-199287","post","type-post","status-publish","format-standard","has-post-thumbnail","hentry","category-leyyorden"],"_links":{"self":[{"href":"https:\/\/www.elsinodaldetamaulipas.com.mx\/index.php?rest_route=\/wp\/v2\/posts\/199287","targetHints":{"allow":["GET"]}}],"collection":[{"href":"https:\/\/www.elsinodaldetamaulipas.com.mx\/index.php?rest_route=\/wp\/v2\/posts"}],"about":[{"href":"https:\/\/www.elsinodaldetamaulipas.com.mx\/index.php?rest_route=\/wp\/v2\/types\/post"}],"author":[{"embeddable":true,"href":"https:\/\/www.elsinodaldetamaulipas.com.mx\/index.php?rest_route=\/wp\/v2\/users\/1"}],"replies":[{"embeddable":true,"href":"https:\/\/www.elsinodaldetamaulipas.com.mx\/index.php?rest_route=%2Fwp%2Fv2%2Fcomments&post=199287"}],"version-history":[{"count":1,"href":"https:\/\/www.elsinodaldetamaulipas.com.mx\/index.php?rest_route=\/wp\/v2\/posts\/199287\/revisions"}],"predecessor-version":[{"id":199290,"href":"https:\/\/www.elsinodaldetamaulipas.com.mx\/index.php?rest_route=\/wp\/v2\/posts\/199287\/revisions\/199290"}],"wp:featuredmedia":[{"embeddable":true,"href":"https:\/\/www.elsinodaldetamaulipas.com.mx\/index.php?rest_route=\/wp\/v2\/media\/199289"}],"wp:attachment":[{"href":"https:\/\/www.elsinodaldetamaulipas.com.mx\/index.php?rest_route=%2Fwp%2Fv2%2Fmedia&parent=199287"}],"wp:term":[{"taxonomy":"category","embeddable":true,"href":"https:\/\/www.elsinodaldetamaulipas.com.mx\/index.php?rest_route=%2Fwp%2Fv2%2Fcategories&post=199287"},{"taxonomy":"post_tag","embeddable":true,"href":"https:\/\/www.elsinodaldetamaulipas.com.mx\/index.php?rest_route=%2Fwp%2Fv2%2Ftags&post=199287"}],"curies":[{"name":"wp","href":"https:\/\/api.w.org\/{rel}","templated":true}]}}