{"id":199349,"date":"2025-02-02T21:54:32","date_gmt":"2025-02-03T01:54:32","guid":{"rendered":"https:\/\/www.elsinodaldetamaulipas.com.mx\/?p=199349"},"modified":"2025-02-02T21:54:32","modified_gmt":"2025-02-03T01:54:32","slug":"10-anos-de-carcel-por-manejar-vehiculo-robado","status":"publish","type":"post","link":"https:\/\/www.elsinodaldetamaulipas.com.mx\/?p=199349","title":{"rendered":"10 A\u00d1OS DE C\u00c1RCEL POR MANEJAR VEH\u00cdCULO ROBADO"},"content":{"rendered":"<p>EL SINODAL DE TAMAULIPAS<br \/>\nReynosa, Tamaulipas.- La Fiscal\u00eda General de Justicia del Estado de Tamaulipas informa que, el Agente del Ministerio P\u00fablico obtuvo una sentencia de 10 a\u00f1os, 08 meses de prisi\u00f3n por los delitos de Posyesi\u00f3n de Veh\u00edculo Robado y Atentados a la Seguridad de la Comunidad, en contra de Juan Lorenzo \u201cJ\u201d.<br \/>\nLa resoluci\u00f3n fue dictada por la autoridad judicial, luego de que, ante la fortaleza de los elementos de prueba aportados por la Representaci\u00f3n Social, el hoy condenado y su defensa aceptaron un Procedimiento Abreviado por su responsabilidad en los citados delitos, ocurridos en la colonia Manuel de T\u00e1rrega de esta ciudad. Asimismo, el Juez de Control estableci\u00f3 el pago de 20 mil, 411.16 pesos por concepto de multa.<br \/>\nLa Fiscal\u00eda General de Justicia del Estado de Tamaulipas refrenda su compromiso con la sociedad de usar las herramientas jur\u00eddicas a su alcance para no permitir impunidad en los delitos que atentan contra la seguridad de las familias tamaulipecas.<\/p>\n","protected":false},"excerpt":{"rendered":"<p>EL SINODAL DE TAMAULIPAS Reynosa, Tamaulipas.- La Fiscal\u00eda General de Justicia del Estado de Tamaulipas informa que, el Agente del Ministerio P\u00fablico obtuvo una sentencia de 10 a\u00f1os, 08 meses de prisi\u00f3n por los delitos de Posyesi\u00f3n de Veh\u00edculo Robado y Atentados a la Seguridad de la Comunidad, en contra de Juan Lorenzo \u201cJ\u201d. La [&hellip;]<\/p>\n","protected":false},"author":1,"featured_media":199345,"comment_status":"closed","ping_status":"closed","sticky":false,"template":"","format":"standard","meta":{"footnotes":""},"categories":[25],"tags":[],"class_list":["post-199349","post","type-post","status-publish","format-standard","has-post-thumbnail","hentry","category-leyyorden"],"_links":{"self":[{"href":"https:\/\/www.elsinodaldetamaulipas.com.mx\/index.php?rest_route=\/wp\/v2\/posts\/199349","targetHints":{"allow":["GET"]}}],"collection":[{"href":"https:\/\/www.elsinodaldetamaulipas.com.mx\/index.php?rest_route=\/wp\/v2\/posts"}],"about":[{"href":"https:\/\/www.elsinodaldetamaulipas.com.mx\/index.php?rest_route=\/wp\/v2\/types\/post"}],"author":[{"embeddable":true,"href":"https:\/\/www.elsinodaldetamaulipas.com.mx\/index.php?rest_route=\/wp\/v2\/users\/1"}],"replies":[{"embeddable":true,"href":"https:\/\/www.elsinodaldetamaulipas.com.mx\/index.php?rest_route=%2Fwp%2Fv2%2Fcomments&post=199349"}],"version-history":[{"count":1,"href":"https:\/\/www.elsinodaldetamaulipas.com.mx\/index.php?rest_route=\/wp\/v2\/posts\/199349\/revisions"}],"predecessor-version":[{"id":199350,"href":"https:\/\/www.elsinodaldetamaulipas.com.mx\/index.php?rest_route=\/wp\/v2\/posts\/199349\/revisions\/199350"}],"wp:featuredmedia":[{"embeddable":true,"href":"https:\/\/www.elsinodaldetamaulipas.com.mx\/index.php?rest_route=\/wp\/v2\/media\/199345"}],"wp:attachment":[{"href":"https:\/\/www.elsinodaldetamaulipas.com.mx\/index.php?rest_route=%2Fwp%2Fv2%2Fmedia&parent=199349"}],"wp:term":[{"taxonomy":"category","embeddable":true,"href":"https:\/\/www.elsinodaldetamaulipas.com.mx\/index.php?rest_route=%2Fwp%2Fv2%2Fcategories&post=199349"},{"taxonomy":"post_tag","embeddable":true,"href":"https:\/\/www.elsinodaldetamaulipas.com.mx\/index.php?rest_route=%2Fwp%2Fv2%2Ftags&post=199349"}],"curies":[{"name":"wp","href":"https:\/\/api.w.org\/{rel}","templated":true}]}}