{"id":199413,"date":"2025-02-03T21:16:42","date_gmt":"2025-02-04T01:16:42","guid":{"rendered":"https:\/\/www.elsinodaldetamaulipas.com.mx\/?p=199413"},"modified":"2025-02-03T21:16:42","modified_gmt":"2025-02-04T01:16:42","slug":"violencia-en-n-laredo-por-captura-de-hampon","status":"publish","type":"post","link":"https:\/\/www.elsinodaldetamaulipas.com.mx\/?p=199413","title":{"rendered":"VIOLENCIA EN N. LAREDO POR CAPTURA DE HAMP\u00d3N"},"content":{"rendered":"<p>* Bloqueos, balaceras y caos: trabajadores y traileros quedaron atrapados en el fuego cruzado<\/p>\n<p>Por Julio Manuel Loya Guzm\u00e1n\/EL SINODAL DE TAMAULIPAS<br \/>\nNuevo Laredo, Tamaulipas.- La captura de Ricardo Gonz\u00e1lez Sauceda, alias \u00abRicky\u00bb, identificado como segundo al mando de un grupo criminal que opera en Nuevo Laredo, desat\u00f3 una jornada violenta este lunes en la ciudad fronteriza, con balaceras, bloqueos y enfrentamientos que sembraron el p\u00e1nico entre la poblaci\u00f3n.<\/p>\n<p>Los hechos comenzaron alrededor de las 6:00 de la ma\u00f1ana, cuando m\u00faltiples reportes ciudadanos alertaron sobre detonaciones de arma de fuego y bloqueos en distintos puntos de la ciudad. A trav\u00e9s de videos compartidos en redes sociales, se observ\u00f3 c\u00f3mo civiles, trabajadores y transportistas quedaron atrapados en el fuego cruzado.<\/p>\n<p>En uno de los videos, un trailero, en medio de una persecuci\u00f3n entre fuerzas federales y presuntos delincuentes, gritaba desesperadamente a otro conductor que descendiera de su unidad para resguardarse de la balacera.<\/p>\n<p>La Vocer\u00eda de Seguridad de Tamaulipas confirm\u00f3 los hechos a trav\u00e9s de sus redes sociales. En una primera alerta, inform\u00f3 sobre el bloqueo de la carretera Nuevo Laredo-Monterrey, a la altura del Ejido Alijadores, donde delincuentes usaron un autob\u00fas para obstruir el paso.<\/p>\n<p>Minutos despu\u00e9s, emiti\u00f3 una segunda advertencia sobre enfrentamientos en la colonia Nueva Era, en el cruce de Jos\u00e9 A. Vald\u00e9z Reyna con Carlos Cant\u00fa Rosas.<\/p>\n<p>Por su parte autoridades federales confirmaron que el operativo que deriv\u00f3 en la detenci\u00f3n de Gonz\u00e1lez Sauceda fue el detonante de los ataques y bloqueos perpetrados por la delincuencia organizada, en un intento por frenar las acciones de las fuerzas de seguridad.<\/p>\n<p>A pesar de la magnitud de la violencia, a media ma\u00f1ana, las autoridades lograron recuperar el control de la ciudad, restableciendo el orden en las principales vialidades y asegurando que la situaci\u00f3n estaba bajo control.<\/p>\n<p>Las fuerzas federales reforzaron su presencia en la zona, mientras que la poblaci\u00f3n exigi\u00f3 mayores garant\u00edas de seguridad ante el recrudecimiento de la violencia en la regi\u00f3n.<\/p>\n<p><img loading=\"lazy\" decoding=\"async\" class=\"aligncenter wp-image-199415 size-full\" src=\"https:\/\/www.elsinodaldetamaulipas.com.mx\/wp-content\/uploads\/2025\/02\/IMG-20250203-WA0143.jpg\" alt=\"\" width=\"768\" height=\"465\" srcset=\"https:\/\/www.elsinodaldetamaulipas.com.mx\/wp-content\/uploads\/2025\/02\/IMG-20250203-WA0143.jpg 768w, https:\/\/www.elsinodaldetamaulipas.com.mx\/wp-content\/uploads\/2025\/02\/IMG-20250203-WA0143-300x182.jpg 300w\" sizes=\"auto, (max-width: 768px) 100vw, 768px\" \/><\/p>\n<p><img loading=\"lazy\" decoding=\"async\" class=\"aligncenter wp-image-199416 size-full\" src=\"https:\/\/www.elsinodaldetamaulipas.com.mx\/wp-content\/uploads\/2025\/02\/IMG-20250203-WA0144.jpg\" alt=\"\" width=\"768\" height=\"519\" srcset=\"https:\/\/www.elsinodaldetamaulipas.com.mx\/wp-content\/uploads\/2025\/02\/IMG-20250203-WA0144.jpg 768w, https:\/\/www.elsinodaldetamaulipas.com.mx\/wp-content\/uploads\/2025\/02\/IMG-20250203-WA0144-300x203.jpg 300w, https:\/\/www.elsinodaldetamaulipas.com.mx\/wp-content\/uploads\/2025\/02\/IMG-20250203-WA0144-305x207.jpg 305w\" sizes=\"auto, (max-width: 768px) 100vw, 768px\" \/><\/p>\n<p><img loading=\"lazy\" decoding=\"async\" class=\"aligncenter wp-image-199417 size-full\" src=\"https:\/\/www.elsinodaldetamaulipas.com.mx\/wp-content\/uploads\/2025\/02\/IMG-20250203-WA0145.jpg\" alt=\"\" width=\"768\" height=\"576\" srcset=\"https:\/\/www.elsinodaldetamaulipas.com.mx\/wp-content\/uploads\/2025\/02\/IMG-20250203-WA0145.jpg 768w, https:\/\/www.elsinodaldetamaulipas.com.mx\/wp-content\/uploads\/2025\/02\/IMG-20250203-WA0145-300x225.jpg 300w, https:\/\/www.elsinodaldetamaulipas.com.mx\/wp-content\/uploads\/2025\/02\/IMG-20250203-WA0145-272x204.jpg 272w\" sizes=\"auto, (max-width: 768px) 100vw, 768px\" \/><\/p>\n","protected":false},"excerpt":{"rendered":"<p>* Bloqueos, balaceras y caos: trabajadores y traileros quedaron atrapados en el fuego cruzado Por Julio Manuel Loya Guzm\u00e1n\/EL SINODAL DE TAMAULIPAS Nuevo Laredo, Tamaulipas.- La captura de Ricardo Gonz\u00e1lez Sauceda, alias \u00abRicky\u00bb, identificado como segundo al mando de un grupo criminal que opera en Nuevo Laredo, desat\u00f3 una jornada violenta este lunes en la [&hellip;]<\/p>\n","protected":false},"author":1,"featured_media":199414,"comment_status":"closed","ping_status":"closed","sticky":false,"template":"","format":"standard","meta":{"footnotes":""},"categories":[25,1],"tags":[],"class_list":["post-199413","post","type-post","status-publish","format-standard","has-post-thumbnail","hentry","category-leyyorden","category-portada"],"_links":{"self":[{"href":"https:\/\/www.elsinodaldetamaulipas.com.mx\/index.php?rest_route=\/wp\/v2\/posts\/199413","targetHints":{"allow":["GET"]}}],"collection":[{"href":"https:\/\/www.elsinodaldetamaulipas.com.mx\/index.php?rest_route=\/wp\/v2\/posts"}],"about":[{"href":"https:\/\/www.elsinodaldetamaulipas.com.mx\/index.php?rest_route=\/wp\/v2\/types\/post"}],"author":[{"embeddable":true,"href":"https:\/\/www.elsinodaldetamaulipas.com.mx\/index.php?rest_route=\/wp\/v2\/users\/1"}],"replies":[{"embeddable":true,"href":"https:\/\/www.elsinodaldetamaulipas.com.mx\/index.php?rest_route=%2Fwp%2Fv2%2Fcomments&post=199413"}],"version-history":[{"count":1,"href":"https:\/\/www.elsinodaldetamaulipas.com.mx\/index.php?rest_route=\/wp\/v2\/posts\/199413\/revisions"}],"predecessor-version":[{"id":199418,"href":"https:\/\/www.elsinodaldetamaulipas.com.mx\/index.php?rest_route=\/wp\/v2\/posts\/199413\/revisions\/199418"}],"wp:featuredmedia":[{"embeddable":true,"href":"https:\/\/www.elsinodaldetamaulipas.com.mx\/index.php?rest_route=\/wp\/v2\/media\/199414"}],"wp:attachment":[{"href":"https:\/\/www.elsinodaldetamaulipas.com.mx\/index.php?rest_route=%2Fwp%2Fv2%2Fmedia&parent=199413"}],"wp:term":[{"taxonomy":"category","embeddable":true,"href":"https:\/\/www.elsinodaldetamaulipas.com.mx\/index.php?rest_route=%2Fwp%2Fv2%2Fcategories&post=199413"},{"taxonomy":"post_tag","embeddable":true,"href":"https:\/\/www.elsinodaldetamaulipas.com.mx\/index.php?rest_route=%2Fwp%2Fv2%2Ftags&post=199413"}],"curies":[{"name":"wp","href":"https:\/\/api.w.org\/{rel}","templated":true}]}}