{"id":199642,"date":"2025-02-07T16:12:06","date_gmt":"2025-02-07T20:12:06","guid":{"rendered":"https:\/\/www.elsinodaldetamaulipas.com.mx\/?p=199642"},"modified":"2025-02-07T16:12:06","modified_gmt":"2025-02-07T20:12:06","slug":"no-ha-sido-abandonado-proyecto-de-el-aguila","status":"publish","type":"post","link":"https:\/\/www.elsinodaldetamaulipas.com.mx\/?p=199642","title":{"rendered":"NO HA SIDO ABANDONADO PROYECTO DE \u201cEL AGUILA\u201d"},"content":{"rendered":"<p>Por Gil Vicente Galindo\/EL SINODAL DE TAMAULIPAS<br \/>\nReynosa, Tam.- \u201cEstamos por arrancar la tercera etapa de la construcci\u00f3n de la mesa presa \u201cEl \u00c1guila\u201d, la cual ser\u00e1 un \u00edcono para que colonias del norponiente de la ciudad, ya no sufrir\u00e1n inundaciones\u201d.<br \/>\nEl titular de la secretar\u00eda de obras p\u00fablicas de Reynosa, arquitecto Eduardo L\u00f3pez Arias as\u00ed lo manifest\u00f3, reiterando que esta obra la supervisa instancias federales para que se cumplan protocolos inherentes a una obra de esta magnitud.<br \/>\n\u201cSon miles las familias perd\u00edan todos sus enseres dom\u00e9sticos, veh\u00edculos, documentos y da\u00f1os a las viviendas, pero ese ser\u00e1 parte de la historia con la elevaci\u00f3n de esta presa \u201crompe-picos\u201d, agua que se podr\u00e1 utilizar en muchos sectores, como la construcci\u00f3n\u201d, se\u00f1alo el arquitecto Eduardo L\u00f3pez Arias.<br \/>\nCientos de familias vienen por las tardes a contemplar la remodelaci\u00f3n del centro hist\u00f3rico, la calle peatonal \u201cHidalgo\u201d, y terminan en el \u201cMuseo del Ferrocarril\u201d, se toman fotos en la plaza, con los bolardos que hacen juego con la piedra caliza y p\u00f3rfido, en conjunto le dan el toque elegante a la obra.<br \/>\nRespecto a la remodelaci\u00f3n del centro hist\u00f3rico de la ciudad de Reynosa, comento que se trabaja a mil por hora, las calles est\u00e1n terminadas, la plaza \u201cMiguel Hidalgo\u201d, algunos detalles en el cruce de Zaragoza con la \u201cJ. B. Chapa\u201d, las empresas constructoras, se han comprometido a terminar lo antes posible, asevero el funcionario municipal.<\/p>\n","protected":false},"excerpt":{"rendered":"<p>Por Gil Vicente Galindo\/EL SINODAL DE TAMAULIPAS Reynosa, Tam.- \u201cEstamos por arrancar la tercera etapa de la construcci\u00f3n de la mesa presa \u201cEl \u00c1guila\u201d, la cual ser\u00e1 un \u00edcono para que colonias del norponiente de la ciudad, ya no sufrir\u00e1n inundaciones\u201d. El titular de la secretar\u00eda de obras p\u00fablicas de Reynosa, arquitecto Eduardo L\u00f3pez Arias [&hellip;]<\/p>\n","protected":false},"author":1,"featured_media":199643,"comment_status":"closed","ping_status":"closed","sticky":false,"template":"","format":"standard","meta":{"footnotes":""},"categories":[1,2],"tags":[],"class_list":["post-199642","post","type-post","status-publish","format-standard","has-post-thumbnail","hentry","category-portada","category-reynosa"],"_links":{"self":[{"href":"https:\/\/www.elsinodaldetamaulipas.com.mx\/index.php?rest_route=\/wp\/v2\/posts\/199642","targetHints":{"allow":["GET"]}}],"collection":[{"href":"https:\/\/www.elsinodaldetamaulipas.com.mx\/index.php?rest_route=\/wp\/v2\/posts"}],"about":[{"href":"https:\/\/www.elsinodaldetamaulipas.com.mx\/index.php?rest_route=\/wp\/v2\/types\/post"}],"author":[{"embeddable":true,"href":"https:\/\/www.elsinodaldetamaulipas.com.mx\/index.php?rest_route=\/wp\/v2\/users\/1"}],"replies":[{"embeddable":true,"href":"https:\/\/www.elsinodaldetamaulipas.com.mx\/index.php?rest_route=%2Fwp%2Fv2%2Fcomments&post=199642"}],"version-history":[{"count":1,"href":"https:\/\/www.elsinodaldetamaulipas.com.mx\/index.php?rest_route=\/wp\/v2\/posts\/199642\/revisions"}],"predecessor-version":[{"id":199644,"href":"https:\/\/www.elsinodaldetamaulipas.com.mx\/index.php?rest_route=\/wp\/v2\/posts\/199642\/revisions\/199644"}],"wp:featuredmedia":[{"embeddable":true,"href":"https:\/\/www.elsinodaldetamaulipas.com.mx\/index.php?rest_route=\/wp\/v2\/media\/199643"}],"wp:attachment":[{"href":"https:\/\/www.elsinodaldetamaulipas.com.mx\/index.php?rest_route=%2Fwp%2Fv2%2Fmedia&parent=199642"}],"wp:term":[{"taxonomy":"category","embeddable":true,"href":"https:\/\/www.elsinodaldetamaulipas.com.mx\/index.php?rest_route=%2Fwp%2Fv2%2Fcategories&post=199642"},{"taxonomy":"post_tag","embeddable":true,"href":"https:\/\/www.elsinodaldetamaulipas.com.mx\/index.php?rest_route=%2Fwp%2Fv2%2Ftags&post=199642"}],"curies":[{"name":"wp","href":"https:\/\/api.w.org\/{rel}","templated":true}]}}